{"id":525,"date":"2021-07-01T21:37:40","date_gmt":"2021-07-01T19:37:40","guid":{"rendered":"http:\/\/association-carmen.fr\/la-caravane-des-medias\/?p=525"},"modified":"2023-07-23T00:07:52","modified_gmt":"2023-07-22T22:07:52","slug":"souvenirs-et-reves-mediatiques-au-salon-du-livre-de-poix","status":"publish","type":"post","link":"https:\/\/association-carmen.fr\/la-caravane-des-medias\/souvenirs-et-reves-mediatiques-au-salon-du-livre-de-poix\/","title":{"rendered":"Souvenirs et r\u00eaves m\u00e9diatiques au salon du livre de Poix"},"content":{"rendered":"\n<p>Tandis qu\u2019\u00e0 l\u2019int\u00e9rieur les signatures s\u2019encha\u00eenent, une file commence \u00e0 s\u2019\u00e9tirer devant les portes. En cause : les mesures sanitaires qui imposent une limite de 100 personnes dans la salle des f\u00eates. Alors pour tenter de rendre cette attente moins p\u00e9nible, tandis que tombe en continu une petite bruine, nous d\u00e9cidons de questionner ces amateurs de lecture sur leurs souvenirs.<\/p>\n\n\n\n<p>Chacun\u00b7e\u00b7s doit confier un souvenir marquant v\u00e9cu dans sa commune (de naissance ou actuelle), un souvenir de la \u201cgrande histoire\u201d, sans imp\u00e9ratif qu\u2019il leur soit contemporain, et un souvenir m\u00e9diatique, comprendre : soit une actualit\u00e9 qu\u2019ils ont appris par l\u2019interm\u00e9diaire des m\u00e9dias ou alors la mani\u00e8re dont une actualit\u00e9 a \u00e9t\u00e9 trait\u00e9e (ou non) par les m\u00e9dias.\u00a0<\/p>\n\n\n\n<p>\u00c0 part quelques taiseux qui n\u2019ont pas souhait\u00e9 participer (ils ont le droit !), les r\u00e9ponses s\u2019encha\u00eenent et dessinent, au fur et \u00e0 mesure de leur retranscription, des nuages color\u00e9s de post-it sur les vitres de la caravane.&nbsp;<\/p>\n\n\n\n<figure class=\"wp-block-image size-large\"><img loading=\"lazy\" decoding=\"async\" width=\"1024\" height=\"682\" src=\"http:\/\/association-carmen.fr\/la-caravane-des-medias\/wp-content\/uploads\/2021\/06\/20210627_CARAVANE_MEDIA_DSF0799-1024x682.jpg\" alt=\"\" class=\"wp-image-531\" srcset=\"https:\/\/association-carmen.fr\/la-caravane-des-medias\/wp-content\/uploads\/2021\/06\/20210627_CARAVANE_MEDIA_DSF0799-1024x682.jpg 1024w, https:\/\/association-carmen.fr\/la-caravane-des-medias\/wp-content\/uploads\/2021\/06\/20210627_CARAVANE_MEDIA_DSF0799-300x200.jpg 300w, https:\/\/association-carmen.fr\/la-caravane-des-medias\/wp-content\/uploads\/2021\/06\/20210627_CARAVANE_MEDIA_DSF0799-768x512.jpg 768w, https:\/\/association-carmen.fr\/la-caravane-des-medias\/wp-content\/uploads\/2021\/06\/20210627_CARAVANE_MEDIA_DSF0799.jpg 1400w\" sizes=\"auto, (max-width: 1024px) 100vw, 1024px\" \/><figcaption>\u00ab\u00a0Petite histoire, grande histoire\u00a0\u00bb sur le march\u00e9 de Poix-de-Picardie le 27 juin 2021. \u00a9 Simon Lambert<\/figcaption><\/figure>\n\n\n\n<p>Les voici :&nbsp;<\/p>\n\n\n\n<p><strong>Un souvenir marquant dans la commune o\u00f9 vous avez grandit, ou o\u00f9 vous vivez aujourd\u2019hui&nbsp;<\/strong><\/p>\n\n\n\n<ul class=\"wp-block-list\"><li>Le retour aux sources, \u00e0 la nature \u00e0 Poix-de-Picardie, 2018-2020, Sylvain, <\/li><li>Je dors dans une tranch\u00e9e comme un poilu pour un projet en histoire g\u00e9ographie sur le centenaire de la Premi\u00e8re Guerre mondiale, 2018, Aur\u00e9lien, &nbsp;<\/li><li>Je n\u2019ai jamais vu autant de monde que le soir de la finale de la Coupe du monde dans mon village, 1998, Nathalie, <\/li><li>Lorsque je pars au travail la ville est totalement d\u00e9serte \u00e0 cause du confinement, 2020, Emeline <\/li><li>Les soir\u00e9es pompiers de l\u2019adolescence, \u00c9lo\u00efse et Karine, ann\u00e9es 1990<\/li><li>On construit avec des ami\u00b7e\u00b7s des cabanes avec des mat\u00e9riaux de r\u00e9cup\u00e9ration, 2015, Ana\u00efs, <\/li><li>Il y avait, pour l\u2019observation de l&rsquo;\u00e9clipse, un monde fou \u00e0 Poix-de-Picardie, 1999, Odile, <\/li><li>Pour la f\u00eate de la gastronomie, la garde r\u00e9publicaine avait fait le d\u00e9placement \u00e0 Poix, ann\u00e9es 70 ou 80, Marie, <\/li><li>Je suis \u00e9lu maire de ma commune \u00e0 35 ans, Jean-Jacques, 1983<\/li><li>On vit un d\u00e9m\u00e9nagement pr\u00e9cipit\u00e9 pour cause de confinement imminent, 2020, Brigitte et Manon,<\/li><li>Le calme de la ville de Poix, 2019, Maxime,<\/li><li>Le carnaval de Dunkerque auquel je participe chaque ann\u00e9e depuis mon enfance, Florine,<\/li><li>Je suis \u00e9lue \u00e0 Montdidier, 2001, Chantal<\/li><\/ul>\n\n\n\n<p><strong>Un souvenir marquant dans la \u201cgrande histoire\u201d<\/strong><\/p>\n\n\n\n<ul class=\"wp-block-list\"><li>La r\u00e9volution fran\u00e7aise, 1789, Florine, <\/li><li>Les attentats du Bataclan, 2015, \u00c9lo\u00efse et Karine, <\/li><li>La guerre froide, Ana\u00efs,<\/li><li>La chute du mur de Berlin, 1989, Nathalie, <\/li><li>Mai 68, j\u2019avais 15 ans, 1968, Marie, <\/li><li>On rassemble les habitants de la commune de Liomer pour les prot\u00e9ger, 1944, Jean-Jacques<\/li><li>Utilisation des robots pour remplacer les animaux dans les films, Aidan et Milo<\/li><li>Rostropovitch joue devant le mur de Berlin, 1989, H\u00e9l\u00e8ne, <\/li><li>Le Covid, 2020, Maxime, <\/li><li>Le Covid, 2020, Chantal, <\/li><li>Les attentats, \u201cJe me souviens exactement o\u00f9 j\u2019\u00e9tais quand je l\u2019ai appris\u201d, 2001, Sylvain, <\/li><li>Les attentats du 11 septembre, 2001, Odile, <\/li><li>La r\u00e9colte de <a href=\"https:\/\/france3-regions.francetvinfo.fr\/hauts-de-france\/somme\/amiens\/bleu-picardie-medievale-waide-est-nouveau-cultivee-somme-1729137.html\">la waide<\/a> (une plante dont on extrait les pigments bleus) \u00e0 Amiens au Moyen-\u00c2ge, Brigitte et Manon,<\/li><li>L\u2019\u00e9lection de Trump, 2016, William, <\/li><\/ul>\n\n\n\n<p><strong>Un souvenir m\u00e9diatique&nbsp;<\/strong><\/p>\n\n\n\n<ul class=\"wp-block-list\"><li>Le 11 septembre 2001, Elo\u00efse et Karine, <\/li><li>L\u2019affaire Val\u00e9rie Bacot, 2021, Maxime,<\/li><li>Jacqueline Sauvage et <a href=\"https:\/\/www.francetvinfo.fr\/faits-divers\/justice-proces\/proces-de-valerie-bacot\/video-valerie-bacot-se-dit-videe-mentalement-et-physiquement-a-sa-sortie-libre-du-tribunal_4679029.html\">Val\u00e9rie Bacot<\/a>, 2012 et 2021, Brigitte et Manon, <\/li><li>La coupe du monde, 1998, Odile, <\/li><li>Chahinez Boutaa br\u00fbl\u00e9e vive par son mari dont elle \u00e9tait s\u00e9par\u00e9e, alors qu\u2019elle l\u2019avait signal\u00e9 \u00e0 la gendarmerie, 2021, Ana\u00efs, <\/li><li>Mon lynchage m\u00e9diatique lorsque j\u2019ai d\u00e9pos\u00e9 le bilan de ma soci\u00e9t\u00e9 d\u2019\u00e9conomie mixte. \u201cCe n\u2019est pas facile \u00e0 vivre, surtout pour l\u2019entourage\u201d, Jean-Jacques<\/li><li>La lib\u00e9ration d\u2019Ingrid Betancourt, 2008, Emeline, <\/li><li>Chahinez Boutaa br\u00fbl\u00e9e vive dans la rue, 2021, Florine, <\/li><li>Les m\u00e9dias ne parlent pas suffisamment des violences polici\u00e8res, 2020-2021, William, <\/li><li>Censure d\u2019un affiche \u201cMacron d\u00e9mission\u201d pendant une manifestation des Gilets Jaunes par BFM TV, 2019, Oc\u00e9ane, <\/li><li>D\u00e9tournement d\u2019un avion par le gouvernement B\u00e9larus, \u201con en parle comme si c\u2019\u00e9tait normal, presque anecdotique, alors que c\u2019est tr\u00e8s grave\u201d, 2021, Sylvain, <\/li><li>L\u2019homme marche pour la premi\u00e8re fois sur la lune, \u201cmon grand-p\u00e8re n\u2019y croyait pas !\u201d, 1969, Marie, <\/li><li>Les images de la chute du mur, \u201cj\u2019avais huit ans et je m\u2019en souviens encore\u201d, 1989, Nathalie, <\/li><li>On parle plus des femmes battues, 2021, Chantal, <\/li><\/ul>\n\n\n\n<figure class=\"wp-block-image size-large\"><img loading=\"lazy\" decoding=\"async\" width=\"1024\" height=\"682\" src=\"http:\/\/association-carmen.fr\/la-caravane-des-medias\/wp-content\/uploads\/2021\/07\/20210627_CARAVANE_MEDIA_DSF0794-1024x682.jpg\" alt=\"\" class=\"wp-image-607\" srcset=\"https:\/\/association-carmen.fr\/la-caravane-des-medias\/wp-content\/uploads\/2021\/07\/20210627_CARAVANE_MEDIA_DSF0794-1024x682.jpg 1024w, https:\/\/association-carmen.fr\/la-caravane-des-medias\/wp-content\/uploads\/2021\/07\/20210627_CARAVANE_MEDIA_DSF0794-300x200.jpg 300w, https:\/\/association-carmen.fr\/la-caravane-des-medias\/wp-content\/uploads\/2021\/07\/20210627_CARAVANE_MEDIA_DSF0794-768x512.jpg 768w, https:\/\/association-carmen.fr\/la-caravane-des-medias\/wp-content\/uploads\/2021\/07\/20210627_CARAVANE_MEDIA_DSF0794.jpg 1400w\" sizes=\"auto, (max-width: 1024px) 100vw, 1024px\" \/><figcaption>Salon du livre de Poix-de-Picardie, le 27 juin 2021. \u00a9 Simon Lambert<\/figcaption><\/figure>\n\n\n\n<p>Berc\u00e9s par tous ces souvenirs, nous d\u00e9cidons de ne pas nous arr\u00eater en si bon chemin. On se prend \u00e0 imaginer la suite de ces belles histoires. Le salon du livre est qui plus est la bonne excuse pour franchir &#8211; pour une fois &#8211; la fronti\u00e8re entre le r\u00e9el et de l&rsquo;imaginaire. La question est simple : quelle information r\u00eaveriez-vous d&rsquo;entendre dans quelques jours, quelques mois ou quelques ann\u00e9es ? <\/p>\n\n\n\n<figure class=\"wp-block-audio\"><audio controls src=\"http:\/\/association-carmen.fr\/la-caravane-des-medias\/wp-content\/uploads\/2021\/06\/Reve_actu_Caravane-des-m\u00e9dias.mp3\"><\/audio><figcaption>Quelle actualit\u00e9 r\u00eavez-vous d&rsquo;entendre dans le futur ?<\/figcaption><\/figure>\n\n\n\n<p><em>Pour lire notre balade sonore au march\u00e9, <a href=\"http:\/\/association-carmen.fr\/la-caravane-des-medias\/deambulation-sonore-au-marche-de-poix\/\">c&rsquo;est ici<\/a>. Et notre article sur Poix publi\u00e9 lors de la premi\u00e8re saison de la Caravane des m\u00e9dias, <a href=\"http:\/\/association-carmen.fr\/la-caravane-des-medias\/saison-2-cest-parti\/\">c&rsquo;est l\u00e0<\/a> ! <\/em><\/p>\n\n\n\n<p class=\"has-text-align-right\">Cl\u00e9mence Leleu, Timoth\u00e9e Vinchon et Simon Lambert.<\/p>\n","protected":false},"excerpt":{"rendered":"<p>Ce dimanche 27 juin 2021, la ville de Poix-de-Picardie accueille pour la premi\u00e8re fois un salon du livre. Une occasion de questionner les habitants sur leurs souvenirs. <\/p>\n","protected":false},"author":1,"featured_media":530,"comment_status":"open","ping_status":"open","sticky":false,"template":"templates\/template-cover.php","format":"standard","meta":{"_jetpack_memberships_contains_paid_content":false,"footnotes":""},"categories":[8],"tags":[],"class_list":["post-525","post","type-post","status-publish","format-standard","has-post-thumbnail","hentry","category-somme-sud-ouest"],"yoast_head":"<!-- This site is optimized with the Yoast SEO plugin v25.6 - https:\/\/yoast.com\/wordpress\/plugins\/seo\/ -->\n<title>Souvenirs et r\u00eaves m\u00e9diatiques au salon du livre de Poix - La caravane des m\u00e9dias<\/title>\n<meta name=\"description\" content=\"Dimanche 27 juin 2021, Poix-de-Picardie accueille un salon du livre, nous questionnons ces amateurs de lecture sur leurs souvenirs.\" \/>\n<meta name=\"robots\" content=\"index, follow, max-snippet:-1, max-image-preview:large, max-video-preview:-1\" \/>\n<link rel=\"canonical\" href=\"https:\/\/association-carmen.fr\/la-caravane-des-medias\/souvenirs-et-reves-mediatiques-au-salon-du-livre-de-poix\/\" \/>\n<meta property=\"og:locale\" content=\"fr_FR\" \/>\n<meta property=\"og:type\" content=\"article\" \/>\n<meta property=\"og:title\" content=\"Souvenirs et r\u00eaves m\u00e9diatiques au salon du livre de Poix\" \/>\n<meta property=\"og:description\" content=\"La caravane des m\u00e9dias\" \/>\n<meta property=\"og:url\" content=\"https:\/\/association-carmen.fr\/la-caravane-des-medias\/souvenirs-et-reves-mediatiques-au-salon-du-livre-de-poix\/\" \/>\n<meta property=\"og:site_name\" content=\"La caravane des m\u00e9dias\" \/>\n<meta property=\"article:published_time\" content=\"2021-07-01T19:37:40+00:00\" \/>\n<meta property=\"article:modified_time\" content=\"2023-07-22T22:07:52+00:00\" \/>\n<meta name=\"author\" content=\"LA CARAVANE DES M\u00c9DIAS\" \/>\n<meta name=\"twitter:card\" content=\"summary_large_image\" \/>\n<meta name=\"twitter:title\" content=\"Souvenirs et r\u00eaves m\u00e9diatiques au salon du livre de Poix\" \/>\n<meta name=\"twitter:description\" content=\"La caravane des m\u00e9dias\" \/>\n<meta name=\"twitter:label1\" content=\"\u00c9crit par\" \/>\n\t<meta name=\"twitter:data1\" content=\"LA CARAVANE DES M\u00c9DIAS\" \/>\n\t<meta name=\"twitter:label2\" content=\"Dur\u00e9e de lecture estim\u00e9e\" \/>\n\t<meta name=\"twitter:data2\" content=\"4 minutes\" \/>\n<script type=\"application\/ld+json\" class=\"yoast-schema-graph\">{\"@context\":\"https:\/\/schema.org\",\"@graph\":[{\"@type\":\"Article\",\"@id\":\"https:\/\/association-carmen.fr\/la-caravane-des-medias\/souvenirs-et-reves-mediatiques-au-salon-du-livre-de-poix\/#article\",\"isPartOf\":{\"@id\":\"https:\/\/association-carmen.fr\/la-caravane-des-medias\/souvenirs-et-reves-mediatiques-au-salon-du-livre-de-poix\/\"},\"author\":{\"name\":\"LA CARAVANE DES M\u00c9DIAS\",\"@id\":\"https:\/\/association-carmen.fr\/la-caravane-des-medias\/#\/schema\/person\/bb08254e2d1a9ac9c13c739c13add68e\"},\"headline\":\"Souvenirs et r\u00eaves m\u00e9diatiques au salon du livre de Poix\",\"datePublished\":\"2021-07-01T19:37:40+00:00\",\"dateModified\":\"2023-07-22T22:07:52+00:00\",\"mainEntityOfPage\":{\"@id\":\"https:\/\/association-carmen.fr\/la-caravane-des-medias\/souvenirs-et-reves-mediatiques-au-salon-du-livre-de-poix\/\"},\"wordCount\":882,\"commentCount\":0,\"publisher\":{\"@id\":\"https:\/\/association-carmen.fr\/la-caravane-des-medias\/#organization\"},\"image\":{\"@id\":\"https:\/\/association-carmen.fr\/la-caravane-des-medias\/souvenirs-et-reves-mediatiques-au-salon-du-livre-de-poix\/#primaryimage\"},\"thumbnailUrl\":\"https:\/\/association-carmen.fr\/la-caravane-des-medias\/wp-content\/uploads\/2021\/06\/20210627_CARAVANE_MEDIA_DSF0828.jpg\",\"articleSection\":[\"Somme Sud-Ouest (80)\"],\"inLanguage\":\"fr-FR\",\"potentialAction\":[{\"@type\":\"CommentAction\",\"name\":\"Comment\",\"target\":[\"https:\/\/association-carmen.fr\/la-caravane-des-medias\/souvenirs-et-reves-mediatiques-au-salon-du-livre-de-poix\/#respond\"]}]},{\"@type\":\"WebPage\",\"@id\":\"https:\/\/association-carmen.fr\/la-caravane-des-medias\/souvenirs-et-reves-mediatiques-au-salon-du-livre-de-poix\/\",\"url\":\"https:\/\/association-carmen.fr\/la-caravane-des-medias\/souvenirs-et-reves-mediatiques-au-salon-du-livre-de-poix\/\",\"name\":\"Souvenirs et r\u00eaves m\u00e9diatiques au salon du livre de Poix - La caravane des m\u00e9dias\",\"isPartOf\":{\"@id\":\"https:\/\/association-carmen.fr\/la-caravane-des-medias\/#website\"},\"primaryImageOfPage\":{\"@id\":\"https:\/\/association-carmen.fr\/la-caravane-des-medias\/souvenirs-et-reves-mediatiques-au-salon-du-livre-de-poix\/#primaryimage\"},\"image\":{\"@id\":\"https:\/\/association-carmen.fr\/la-caravane-des-medias\/souvenirs-et-reves-mediatiques-au-salon-du-livre-de-poix\/#primaryimage\"},\"thumbnailUrl\":\"https:\/\/association-carmen.fr\/la-caravane-des-medias\/wp-content\/uploads\/2021\/06\/20210627_CARAVANE_MEDIA_DSF0828.jpg\",\"datePublished\":\"2021-07-01T19:37:40+00:00\",\"dateModified\":\"2023-07-22T22:07:52+00:00\",\"description\":\"Dimanche 27 juin 2021, Poix-de-Picardie accueille un salon du livre, nous questionnons ces amateurs de lecture sur leurs souvenirs.\",\"breadcrumb\":{\"@id\":\"https:\/\/association-carmen.fr\/la-caravane-des-medias\/souvenirs-et-reves-mediatiques-au-salon-du-livre-de-poix\/#breadcrumb\"},\"inLanguage\":\"fr-FR\",\"potentialAction\":[{\"@type\":\"ReadAction\",\"target\":[\"https:\/\/association-carmen.fr\/la-caravane-des-medias\/souvenirs-et-reves-mediatiques-au-salon-du-livre-de-poix\/\"]}]},{\"@type\":\"ImageObject\",\"inLanguage\":\"fr-FR\",\"@id\":\"https:\/\/association-carmen.fr\/la-caravane-des-medias\/souvenirs-et-reves-mediatiques-au-salon-du-livre-de-poix\/#primaryimage\",\"url\":\"https:\/\/association-carmen.fr\/la-caravane-des-medias\/wp-content\/uploads\/2021\/06\/20210627_CARAVANE_MEDIA_DSF0828.jpg\",\"contentUrl\":\"https:\/\/association-carmen.fr\/la-caravane-des-medias\/wp-content\/uploads\/2021\/06\/20210627_CARAVANE_MEDIA_DSF0828.jpg\",\"width\":1400,\"height\":933,\"caption\":\"\\\"Petite histoire, grande histoire\\\" sur le march\u00e9 de Poix-de-Picardie le 27 juin 2021.\"},{\"@type\":\"BreadcrumbList\",\"@id\":\"https:\/\/association-carmen.fr\/la-caravane-des-medias\/souvenirs-et-reves-mediatiques-au-salon-du-livre-de-poix\/#breadcrumb\",\"itemListElement\":[{\"@type\":\"ListItem\",\"position\":1,\"name\":\"Accueil\",\"item\":\"https:\/\/association-carmen.fr\/la-caravane-des-medias\/\"},{\"@type\":\"ListItem\",\"position\":2,\"name\":\"Souvenirs et r\u00eaves m\u00e9diatiques au salon du livre de Poix\"}]},{\"@type\":\"WebSite\",\"@id\":\"https:\/\/association-carmen.fr\/la-caravane-des-medias\/#website\",\"url\":\"https:\/\/association-carmen.fr\/la-caravane-des-medias\/\",\"name\":\"La caravane des m\u00e9dias\",\"description\":\"\",\"publisher\":{\"@id\":\"https:\/\/association-carmen.fr\/la-caravane-des-medias\/#organization\"},\"potentialAction\":[{\"@type\":\"SearchAction\",\"target\":{\"@type\":\"EntryPoint\",\"urlTemplate\":\"https:\/\/association-carmen.fr\/la-caravane-des-medias\/?s={search_term_string}\"},\"query-input\":{\"@type\":\"PropertyValueSpecification\",\"valueRequired\":true,\"valueName\":\"search_term_string\"}}],\"inLanguage\":\"fr-FR\"},{\"@type\":\"Organization\",\"@id\":\"https:\/\/association-carmen.fr\/la-caravane-des-medias\/#organization\",\"name\":\"La Caravane des M\u00e9dias - Association CARMEN\",\"url\":\"https:\/\/association-carmen.fr\/la-caravane-des-medias\/\",\"logo\":{\"@type\":\"ImageObject\",\"inLanguage\":\"fr-FR\",\"@id\":\"https:\/\/association-carmen.fr\/la-caravane-des-medias\/#\/schema\/logo\/image\/\",\"url\":\"https:\/\/association-carmen.fr\/la-caravane-des-medias\/wp-content\/uploads\/2020\/07\/la-caravane-IMG-FOND.png\",\"contentUrl\":\"https:\/\/association-carmen.fr\/la-caravane-des-medias\/wp-content\/uploads\/2020\/07\/la-caravane-IMG-FOND.png\",\"width\":1920,\"height\":1080,\"caption\":\"La Caravane des M\u00e9dias - Association CARMEN\"},\"image\":{\"@id\":\"https:\/\/association-carmen.fr\/la-caravane-des-medias\/#\/schema\/logo\/image\/\"}},{\"@type\":\"Person\",\"@id\":\"https:\/\/association-carmen.fr\/la-caravane-des-medias\/#\/schema\/person\/bb08254e2d1a9ac9c13c739c13add68e\",\"name\":\"LA CARAVANE DES M\u00c9DIAS\",\"image\":{\"@type\":\"ImageObject\",\"inLanguage\":\"fr-FR\",\"@id\":\"https:\/\/association-carmen.fr\/la-caravane-des-medias\/#\/schema\/person\/image\/\",\"url\":\"https:\/\/secure.gravatar.com\/avatar\/970d3af93b5370d1d9115237a868874a28296529020e9fff2826691825659a9a?s=96&d=blank&r=g\",\"contentUrl\":\"https:\/\/secure.gravatar.com\/avatar\/970d3af93b5370d1d9115237a868874a28296529020e9fff2826691825659a9a?s=96&d=blank&r=g\",\"caption\":\"LA CARAVANE DES M\u00c9DIAS\"},\"url\":\"https:\/\/association-carmen.fr\/la-caravane-des-medias\/author\/caravmed\/\"}]}<\/script>\n<!-- \/ Yoast SEO plugin. -->","yoast_head_json":{"title":"Souvenirs et r\u00eaves m\u00e9diatiques au salon du livre de Poix - La caravane des m\u00e9dias","description":"Dimanche 27 juin 2021, Poix-de-Picardie accueille un salon du livre, nous questionnons ces amateurs de lecture sur leurs souvenirs.","robots":{"index":"index","follow":"follow","max-snippet":"max-snippet:-1","max-image-preview":"max-image-preview:large","max-video-preview":"max-video-preview:-1"},"canonical":"https:\/\/association-carmen.fr\/la-caravane-des-medias\/souvenirs-et-reves-mediatiques-au-salon-du-livre-de-poix\/","og_locale":"fr_FR","og_type":"article","og_title":"Souvenirs et r\u00eaves m\u00e9diatiques au salon du livre de Poix","og_description":"La caravane des m\u00e9dias","og_url":"https:\/\/association-carmen.fr\/la-caravane-des-medias\/souvenirs-et-reves-mediatiques-au-salon-du-livre-de-poix\/","og_site_name":"La caravane des m\u00e9dias","article_published_time":"2021-07-01T19:37:40+00:00","article_modified_time":"2023-07-22T22:07:52+00:00","author":"LA CARAVANE DES M\u00c9DIAS","twitter_card":"summary_large_image","twitter_title":"Souvenirs et r\u00eaves m\u00e9diatiques au salon du livre de Poix","twitter_description":"La caravane des m\u00e9dias","twitter_misc":{"\u00c9crit par":"LA CARAVANE DES M\u00c9DIAS","Dur\u00e9e de lecture estim\u00e9e":"4 minutes"},"schema":{"@context":"https:\/\/schema.org","@graph":[{"@type":"Article","@id":"https:\/\/association-carmen.fr\/la-caravane-des-medias\/souvenirs-et-reves-mediatiques-au-salon-du-livre-de-poix\/#article","isPartOf":{"@id":"https:\/\/association-carmen.fr\/la-caravane-des-medias\/souvenirs-et-reves-mediatiques-au-salon-du-livre-de-poix\/"},"author":{"name":"LA CARAVANE DES M\u00c9DIAS","@id":"https:\/\/association-carmen.fr\/la-caravane-des-medias\/#\/schema\/person\/bb08254e2d1a9ac9c13c739c13add68e"},"headline":"Souvenirs et r\u00eaves m\u00e9diatiques au salon du livre de Poix","datePublished":"2021-07-01T19:37:40+00:00","dateModified":"2023-07-22T22:07:52+00:00","mainEntityOfPage":{"@id":"https:\/\/association-carmen.fr\/la-caravane-des-medias\/souvenirs-et-reves-mediatiques-au-salon-du-livre-de-poix\/"},"wordCount":882,"commentCount":0,"publisher":{"@id":"https:\/\/association-carmen.fr\/la-caravane-des-medias\/#organization"},"image":{"@id":"https:\/\/association-carmen.fr\/la-caravane-des-medias\/souvenirs-et-reves-mediatiques-au-salon-du-livre-de-poix\/#primaryimage"},"thumbnailUrl":"https:\/\/association-carmen.fr\/la-caravane-des-medias\/wp-content\/uploads\/2021\/06\/20210627_CARAVANE_MEDIA_DSF0828.jpg","articleSection":["Somme Sud-Ouest (80)"],"inLanguage":"fr-FR","potentialAction":[{"@type":"CommentAction","name":"Comment","target":["https:\/\/association-carmen.fr\/la-caravane-des-medias\/souvenirs-et-reves-mediatiques-au-salon-du-livre-de-poix\/#respond"]}]},{"@type":"WebPage","@id":"https:\/\/association-carmen.fr\/la-caravane-des-medias\/souvenirs-et-reves-mediatiques-au-salon-du-livre-de-poix\/","url":"https:\/\/association-carmen.fr\/la-caravane-des-medias\/souvenirs-et-reves-mediatiques-au-salon-du-livre-de-poix\/","name":"Souvenirs et r\u00eaves m\u00e9diatiques au salon du livre de Poix - La caravane des m\u00e9dias","isPartOf":{"@id":"https:\/\/association-carmen.fr\/la-caravane-des-medias\/#website"},"primaryImageOfPage":{"@id":"https:\/\/association-carmen.fr\/la-caravane-des-medias\/souvenirs-et-reves-mediatiques-au-salon-du-livre-de-poix\/#primaryimage"},"image":{"@id":"https:\/\/association-carmen.fr\/la-caravane-des-medias\/souvenirs-et-reves-mediatiques-au-salon-du-livre-de-poix\/#primaryimage"},"thumbnailUrl":"https:\/\/association-carmen.fr\/la-caravane-des-medias\/wp-content\/uploads\/2021\/06\/20210627_CARAVANE_MEDIA_DSF0828.jpg","datePublished":"2021-07-01T19:37:40+00:00","dateModified":"2023-07-22T22:07:52+00:00","description":"Dimanche 27 juin 2021, Poix-de-Picardie accueille un salon du livre, nous questionnons ces amateurs de lecture sur leurs souvenirs.","breadcrumb":{"@id":"https:\/\/association-carmen.fr\/la-caravane-des-medias\/souvenirs-et-reves-mediatiques-au-salon-du-livre-de-poix\/#breadcrumb"},"inLanguage":"fr-FR","potentialAction":[{"@type":"ReadAction","target":["https:\/\/association-carmen.fr\/la-caravane-des-medias\/souvenirs-et-reves-mediatiques-au-salon-du-livre-de-poix\/"]}]},{"@type":"ImageObject","inLanguage":"fr-FR","@id":"https:\/\/association-carmen.fr\/la-caravane-des-medias\/souvenirs-et-reves-mediatiques-au-salon-du-livre-de-poix\/#primaryimage","url":"https:\/\/association-carmen.fr\/la-caravane-des-medias\/wp-content\/uploads\/2021\/06\/20210627_CARAVANE_MEDIA_DSF0828.jpg","contentUrl":"https:\/\/association-carmen.fr\/la-caravane-des-medias\/wp-content\/uploads\/2021\/06\/20210627_CARAVANE_MEDIA_DSF0828.jpg","width":1400,"height":933,"caption":"\"Petite histoire, grande histoire\" sur le march\u00e9 de Poix-de-Picardie le 27 juin 2021."},{"@type":"BreadcrumbList","@id":"https:\/\/association-carmen.fr\/la-caravane-des-medias\/souvenirs-et-reves-mediatiques-au-salon-du-livre-de-poix\/#breadcrumb","itemListElement":[{"@type":"ListItem","position":1,"name":"Accueil","item":"https:\/\/association-carmen.fr\/la-caravane-des-medias\/"},{"@type":"ListItem","position":2,"name":"Souvenirs et r\u00eaves m\u00e9diatiques au salon du livre de Poix"}]},{"@type":"WebSite","@id":"https:\/\/association-carmen.fr\/la-caravane-des-medias\/#website","url":"https:\/\/association-carmen.fr\/la-caravane-des-medias\/","name":"La caravane des m\u00e9dias","description":"","publisher":{"@id":"https:\/\/association-carmen.fr\/la-caravane-des-medias\/#organization"},"potentialAction":[{"@type":"SearchAction","target":{"@type":"EntryPoint","urlTemplate":"https:\/\/association-carmen.fr\/la-caravane-des-medias\/?s={search_term_string}"},"query-input":{"@type":"PropertyValueSpecification","valueRequired":true,"valueName":"search_term_string"}}],"inLanguage":"fr-FR"},{"@type":"Organization","@id":"https:\/\/association-carmen.fr\/la-caravane-des-medias\/#organization","name":"La Caravane des M\u00e9dias - Association CARMEN","url":"https:\/\/association-carmen.fr\/la-caravane-des-medias\/","logo":{"@type":"ImageObject","inLanguage":"fr-FR","@id":"https:\/\/association-carmen.fr\/la-caravane-des-medias\/#\/schema\/logo\/image\/","url":"https:\/\/association-carmen.fr\/la-caravane-des-medias\/wp-content\/uploads\/2020\/07\/la-caravane-IMG-FOND.png","contentUrl":"https:\/\/association-carmen.fr\/la-caravane-des-medias\/wp-content\/uploads\/2020\/07\/la-caravane-IMG-FOND.png","width":1920,"height":1080,"caption":"La Caravane des M\u00e9dias - Association CARMEN"},"image":{"@id":"https:\/\/association-carmen.fr\/la-caravane-des-medias\/#\/schema\/logo\/image\/"}},{"@type":"Person","@id":"https:\/\/association-carmen.fr\/la-caravane-des-medias\/#\/schema\/person\/bb08254e2d1a9ac9c13c739c13add68e","name":"LA CARAVANE DES M\u00c9DIAS","image":{"@type":"ImageObject","inLanguage":"fr-FR","@id":"https:\/\/association-carmen.fr\/la-caravane-des-medias\/#\/schema\/person\/image\/","url":"https:\/\/secure.gravatar.com\/avatar\/970d3af93b5370d1d9115237a868874a28296529020e9fff2826691825659a9a?s=96&d=blank&r=g","contentUrl":"https:\/\/secure.gravatar.com\/avatar\/970d3af93b5370d1d9115237a868874a28296529020e9fff2826691825659a9a?s=96&d=blank&r=g","caption":"LA CARAVANE DES M\u00c9DIAS"},"url":"https:\/\/association-carmen.fr\/la-caravane-des-medias\/author\/caravmed\/"}]}},"jetpack_featured_media_url":"https:\/\/association-carmen.fr\/la-caravane-des-medias\/wp-content\/uploads\/2021\/06\/20210627_CARAVANE_MEDIA_DSF0828.jpg","jetpack_sharing_enabled":false,"_links":{"self":[{"href":"https:\/\/association-carmen.fr\/la-caravane-des-medias\/wp-json\/wp\/v2\/posts\/525","targetHints":{"allow":["GET"]}}],"collection":[{"href":"https:\/\/association-carmen.fr\/la-caravane-des-medias\/wp-json\/wp\/v2\/posts"}],"about":[{"href":"https:\/\/association-carmen.fr\/la-caravane-des-medias\/wp-json\/wp\/v2\/types\/post"}],"author":[{"embeddable":true,"href":"https:\/\/association-carmen.fr\/la-caravane-des-medias\/wp-json\/wp\/v2\/users\/1"}],"replies":[{"embeddable":true,"href":"https:\/\/association-carmen.fr\/la-caravane-des-medias\/wp-json\/wp\/v2\/comments?post=525"}],"version-history":[{"count":19,"href":"https:\/\/association-carmen.fr\/la-caravane-des-medias\/wp-json\/wp\/v2\/posts\/525\/revisions"}],"predecessor-version":[{"id":1775,"href":"https:\/\/association-carmen.fr\/la-caravane-des-medias\/wp-json\/wp\/v2\/posts\/525\/revisions\/1775"}],"wp:featuredmedia":[{"embeddable":true,"href":"https:\/\/association-carmen.fr\/la-caravane-des-medias\/wp-json\/wp\/v2\/media\/530"}],"wp:attachment":[{"href":"https:\/\/association-carmen.fr\/la-caravane-des-medias\/wp-json\/wp\/v2\/media?parent=525"}],"wp:term":[{"taxonomy":"category","embeddable":true,"href":"https:\/\/association-carmen.fr\/la-caravane-des-medias\/wp-json\/wp\/v2\/categories?post=525"},{"taxonomy":"post_tag","embeddable":true,"href":"https:\/\/association-carmen.fr\/la-caravane-des-medias\/wp-json\/wp\/v2\/tags?post=525"}],"curies":[{"name":"wp","href":"https:\/\/api.w.org\/{rel}","templated":true}]}}