{"id":390,"date":"2020-11-05T18:05:17","date_gmt":"2020-11-05T17:05:17","guid":{"rendered":"http:\/\/association-carmen.fr\/la-caravane-des-medias\/?p=390"},"modified":"2020-11-09T11:00:11","modified_gmt":"2020-11-09T10:00:11","slug":"jour-1-le-media-ideal-des-jeunes","status":"publish","type":"post","link":"https:\/\/association-carmen.fr\/la-caravane-des-medias\/jour-1-le-media-ideal-des-jeunes\/","title":{"rendered":"\u00ab\u00a0Payer pour s\u2019informer, c\u2019est fou quand m\u00eame !\u00a0\u00bb"},"content":{"rendered":"\n<p>Apr\u00e8s une journ\u00e9e d\u2019\u00e9criture, nous prenons la route de la Maison Familiale et Rurale de Beauregard reconnue pour sa fili\u00e8re \u00e9quine. Notre premier atelier : une rencontre avec une classe de premi\u00e8re Conduite et gestion d\u2019une entreprise hippique. Dans la salle, situ\u00e9e en surplomb du centre \u00e9questre de la MFR et de l\u2019hippodrome de Clairfontaine, sont rassembl\u00e9s dix \u00e9l\u00e8ves aux projets professionnels vari\u00e9s : groom, \u00e9quith\u00e9rapheute, cavalier jeunes chevaux, assistante v\u00e9t\u00e9rinaire\u2026 Avec toutefois un point commun, ils ont tous fait le choix de l\u2019apprentissage. Ils passent donc deux semaines par mois chez leur employeur et deux autres en cours.<\/p>\n\n\n\n<figure class=\"wp-block-image size-large\"><img loading=\"lazy\" decoding=\"async\" width=\"1024\" height=\"683\" src=\"http:\/\/association-carmen.fr\/la-caravane-des-medias\/wp-content\/uploads\/2020\/11\/20201103_CARAVANE_MEDIA_DSF1566-1024x683.jpg\" alt=\"Apr\u00e8s une journ\u00e9e d\u2019\u00e9criture, nous prenons la route de la Maison Familiale et Rurale de Beauregard reconnue pour sa fili\u00e8re \u00e9quine. Notre premier atelier : une rencontre avec une classe de premi\u00e8re Conduite et gestion d\u2019une entreprise hippique. \" class=\"wp-image-393\" srcset=\"https:\/\/association-carmen.fr\/la-caravane-des-medias\/wp-content\/uploads\/2020\/11\/20201103_CARAVANE_MEDIA_DSF1566-1024x683.jpg 1024w, https:\/\/association-carmen.fr\/la-caravane-des-medias\/wp-content\/uploads\/2020\/11\/20201103_CARAVANE_MEDIA_DSF1566-300x200.jpg 300w, https:\/\/association-carmen.fr\/la-caravane-des-medias\/wp-content\/uploads\/2020\/11\/20201103_CARAVANE_MEDIA_DSF1566-768x512.jpg 768w, https:\/\/association-carmen.fr\/la-caravane-des-medias\/wp-content\/uploads\/2020\/11\/20201103_CARAVANE_MEDIA_DSF1566.jpg 1500w\" sizes=\"auto, (max-width: 1024px) 100vw, 1024px\" \/><figcaption>MFR Beauregard, site de l&rsquo;Hippodrome. Classe de 1\u00e8re bac pro CGEH \u00a9 Simon Lambert<\/figcaption><\/figure>\n\n\n\n<p>Comment s\u2019informent-t-ils ? Pour la plupart sur les r\u00e9seaux sociaux, notamment Facebook, ce&nbsp; qui tranche avec nos pr\u00e9c\u00e9dentes rencontres o\u00f9 les jeunes lui pr\u00e9f\u00e9raient Snapchat ou Instagram. La t\u00e9l\u00e9vision aussi reste un de leurs principaux canaux d&rsquo;information. S\u2019ils la regardent peu \u00e0 l\u2019internat, ou alors uniquement pour les grandes occasions comme les \u00e9lections ou les discours du pr\u00e9sident sur les mesures sanitaires li\u00e9es au Covid, elle est tr\u00e8s souvent allum\u00e9e chez leurs parents. Un des deux gar\u00e7ons du groupe, Timoth\u00e9e, confie qu\u2019il s\u2019informe aussi sur SkyNews, une cha\u00eene d\u2019information en continu, \u00ab\u00a0\u00e7a me permet de travailler mon anglais et ils parlent beaucoup d\u2019informations internationales, plus qu\u2019en France.\u00a0\u00bb<\/p>\n\n\n\n<figure class=\"wp-block-image size-large\"><img loading=\"lazy\" decoding=\"async\" width=\"1024\" height=\"683\" src=\"http:\/\/association-carmen.fr\/la-caravane-des-medias\/wp-content\/uploads\/2020\/11\/20201103_CARAVANE_MEDIA_DSF1610-1024x683.jpg\" alt=\"Apr\u00e8s une journ\u00e9e d\u2019\u00e9criture, nous prenons la route de la Maison Familiale et Rurale de Beauregard reconnue pour sa fili\u00e8re \u00e9quine. Notre premier atelier : une rencontre avec une classe de premi\u00e8re Conduite et gestion d\u2019une entreprise hippique. \" class=\"wp-image-395\" srcset=\"https:\/\/association-carmen.fr\/la-caravane-des-medias\/wp-content\/uploads\/2020\/11\/20201103_CARAVANE_MEDIA_DSF1610-1024x683.jpg 1024w, https:\/\/association-carmen.fr\/la-caravane-des-medias\/wp-content\/uploads\/2020\/11\/20201103_CARAVANE_MEDIA_DSF1610-300x200.jpg 300w, https:\/\/association-carmen.fr\/la-caravane-des-medias\/wp-content\/uploads\/2020\/11\/20201103_CARAVANE_MEDIA_DSF1610-768x512.jpg 768w, https:\/\/association-carmen.fr\/la-caravane-des-medias\/wp-content\/uploads\/2020\/11\/20201103_CARAVANE_MEDIA_DSF1610.jpg 1500w\" sizes=\"auto, (max-width: 1024px) 100vw, 1024px\" \/><figcaption>MFR Beauregard, site de l&rsquo;Hippodrome. Classe de 1\u00e8re bac pro CGEH \u00a9 Simon Lambert<\/figcaption><\/figure>\n\n\n\n<p>Les critiques envers les m\u00e9dias fran\u00e7ais sont nombreuses, notamment \u00e0 l\u2019encontre de BFM et CNews. \u00ab\u00a0Les sujets sont b\u00e2cl\u00e9s\u00a0\u00bb, \u00ab\u00a0ce n\u2019est pas assez d\u00e9velopp\u00e9\u00a0\u00bb, \u00ab\u00a0on a vraiment l\u2019impression que les journalistes radotent\u00a0\u00bb lancent les \u00e9l\u00e8ves, qui n\u2019h\u00e9sitent pas \u00e0 changer de cha\u00eene quand ils ont l\u2019impression de ne rien apprendre.<\/p>\n\n\n\n<figure class=\"wp-block-image size-large\"><img loading=\"lazy\" decoding=\"async\" width=\"1024\" height=\"683\" src=\"http:\/\/association-carmen.fr\/la-caravane-des-medias\/wp-content\/uploads\/2020\/11\/20201103_CARAVANE_MEDIA_DSF1599-1024x683.jpg\" alt=\"Apr\u00e8s une journ\u00e9e d\u2019\u00e9criture, nous prenons la route de la Maison Familiale et Rurale de Beauregard reconnue pour sa fili\u00e8re \u00e9quine. Notre premier atelier : une rencontre avec une classe de premi\u00e8re Conduite et gestion d\u2019une entreprise hippique. \" class=\"wp-image-399\" srcset=\"https:\/\/association-carmen.fr\/la-caravane-des-medias\/wp-content\/uploads\/2020\/11\/20201103_CARAVANE_MEDIA_DSF1599-1024x683.jpg 1024w, https:\/\/association-carmen.fr\/la-caravane-des-medias\/wp-content\/uploads\/2020\/11\/20201103_CARAVANE_MEDIA_DSF1599-300x200.jpg 300w, https:\/\/association-carmen.fr\/la-caravane-des-medias\/wp-content\/uploads\/2020\/11\/20201103_CARAVANE_MEDIA_DSF1599-768x512.jpg 768w, https:\/\/association-carmen.fr\/la-caravane-des-medias\/wp-content\/uploads\/2020\/11\/20201103_CARAVANE_MEDIA_DSF1599.jpg 1500w\" sizes=\"auto, (max-width: 1024px) 100vw, 1024px\" \/><figcaption>MFR Beauregard, site de l&rsquo;Hippodrome. Classe de 1\u00e8re bac pro CGEH \u00a9 Simon Lambert<\/figcaption><\/figure>\n\n\n\n<blockquote class=\"wp-block-quote is-layout-flow wp-block-quote-is-layout-flow\"><p>\u00ab\u00a0Parfois on ne comprend pas tous les mots. Dans Le Parisien \u00e7a va, mais dans Le Monde et tout c\u2019est m\u00eame pas la peine on comprend rien\u00a0\u00bb, r\u00e2le Camille.<\/p><\/blockquote>\n\n\n\n<figure class=\"wp-block-image size-large\"><img loading=\"lazy\" decoding=\"async\" width=\"1024\" height=\"683\" src=\"http:\/\/association-carmen.fr\/la-caravane-des-medias\/wp-content\/uploads\/2020\/11\/20201103_CARAVANE_MEDIA_DSF1586-1024x683.jpg\" alt=\"Apr\u00e8s une journ\u00e9e d\u2019\u00e9criture, nous prenons la route de la Maison Familiale et Rurale de Beauregard reconnue pour sa fili\u00e8re \u00e9quine. Notre premier atelier : une rencontre avec une classe de premi\u00e8re Conduite et gestion d\u2019une entreprise hippique. \" class=\"wp-image-401\" srcset=\"https:\/\/association-carmen.fr\/la-caravane-des-medias\/wp-content\/uploads\/2020\/11\/20201103_CARAVANE_MEDIA_DSF1586-1024x683.jpg 1024w, https:\/\/association-carmen.fr\/la-caravane-des-medias\/wp-content\/uploads\/2020\/11\/20201103_CARAVANE_MEDIA_DSF1586-300x200.jpg 300w, https:\/\/association-carmen.fr\/la-caravane-des-medias\/wp-content\/uploads\/2020\/11\/20201103_CARAVANE_MEDIA_DSF1586-768x512.jpg 768w, https:\/\/association-carmen.fr\/la-caravane-des-medias\/wp-content\/uploads\/2020\/11\/20201103_CARAVANE_MEDIA_DSF1586.jpg 1500w\" sizes=\"auto, (max-width: 1024px) 100vw, 1024px\" \/><figcaption>MFR Beauregard, site de l&rsquo;Hippodrome. Classe de 1\u00e8re bac pro CGEH \u00a9 Simon Lambert<\/figcaption><\/figure>\n\n\n\n<p>Vient alors le moment de dessiner les contours de leur m\u00e9dia id\u00e9al :<\/p>\n\n\n\n<ul class=\"wp-block-list\"><li>un m\u00e9dia pour les 13-25 ans<\/li><li>diffus\u00e9 \u00e0 la t\u00e9l\u00e9vision par le biais d\u2019une \u00e9mission de 30-45 minutes maximum par jour \u00ab\u00a0apr\u00e8s \u00e7a fait trop on a pas le temps\u00a0\u00bb<\/li><li>Avec une d\u00e9clinaison sur les r\u00e9seaux sociaux, mais seulement par le biais d\u2019extraits<\/li><li>L\u2019\u00e9mission est pr\u00e9sent\u00e9e par un homme et une femme<\/li><li>Passent \u00e0 l\u2019antenne des reportages bien fouill\u00e9s, avec un langage clair pour les jeunes, pour q\u2019ils comprennent bien les enjeux de chaque sujet. Il y a aussi des discussions, avec des sp\u00e9cialistes jeunes et vieux, mais qui ne tournent pas \u00e0 l\u2019affrontement \u00ab\u00a0comme sur BFM sinon \u00e7a sert \u00e0 rien\u00a0\u00bb.<\/li><li>Les sujets : international, lutte contre le sexisme et le harc\u00e8lement, \u00e9cologie, m\u00e9tiers du cheval.<\/li><li>Un m\u00e9dia gratuit \u00ab\u00a0payer pour s\u2019informer, c\u2019est fou quand m\u00eame. \u00c7a veut dire que si t\u2019as pas d\u2019argent tu peux pas \u00eatre inform\u00e9 !\u00a0\u00bb se d\u00e9sole Timoth\u00e9e. Mais alors comment financer la gratuit\u00e9 ? Par un m\u00e9lange entre les aides de l\u2019\u00e9tat, les cotisations des plus ais\u00e9s et la publicit\u00e9, \u00ab\u00a0comme \u00e7a on est jamais bloqu\u00e9 totalement\u00a0\u00bb.<\/li><\/ul>\n\n\n\n<figure class=\"wp-block-image size-large\"><img loading=\"lazy\" decoding=\"async\" width=\"1024\" height=\"683\" src=\"http:\/\/association-carmen.fr\/la-caravane-des-medias\/wp-content\/uploads\/2020\/11\/20201103_CARAVANE_MEDIA_DSF1657-1024x683.jpg\" alt=\"Apr\u00e8s une journ\u00e9e d\u2019\u00e9criture, nous prenons la route de la Maison Familiale et Rurale de Beauregard reconnue pour sa fili\u00e8re \u00e9quine. Notre premier atelier : une rencontre avec une classe de premi\u00e8re Conduite et gestion d\u2019une entreprise hippique. \" class=\"wp-image-408\" srcset=\"https:\/\/association-carmen.fr\/la-caravane-des-medias\/wp-content\/uploads\/2020\/11\/20201103_CARAVANE_MEDIA_DSF1657-1024x683.jpg 1024w, https:\/\/association-carmen.fr\/la-caravane-des-medias\/wp-content\/uploads\/2020\/11\/20201103_CARAVANE_MEDIA_DSF1657-300x200.jpg 300w, https:\/\/association-carmen.fr\/la-caravane-des-medias\/wp-content\/uploads\/2020\/11\/20201103_CARAVANE_MEDIA_DSF1657-768x512.jpg 768w, https:\/\/association-carmen.fr\/la-caravane-des-medias\/wp-content\/uploads\/2020\/11\/20201103_CARAVANE_MEDIA_DSF1657.jpg 1500w\" sizes=\"auto, (max-width: 1024px) 100vw, 1024px\" \/><figcaption>MFR Beauregard, 1\u00e8re bac pro CGEH \u00a9 Simon Lambert<\/figcaption><\/figure>\n\n\n\n<p>L&rsquo;apr\u00e8s-midi, nous rencontrons cette fois les \u00e9l\u00e8ves stagiaires de 1\u00e8re Bac Pro Conduite et gestion de l&rsquo;entreprise hippique. Alors que nous discutons des derniers sujets d&rsquo;actualit\u00e9 qui les ont marqu\u00e9s ces derni\u00e8res semaines, un \u00e9l\u00e8ve nous interpelle : \u00ab\u00a0<em>Est-ce que le confinement \u00ab\u00a0\u00e9trange\u00a0\u00bb est une information ou une opinion ?<\/em>\u00ab\u00a0. Les questionnements sur la presse sont nombreux face \u00e0 la cacophonie m\u00e9diatique qu&rsquo;a impliqu\u00e9 la rentr\u00e9e scolaire en p\u00e9riode de reconfinement.<\/p>\n\n\n\n<figure class=\"wp-block-image size-large\"><img loading=\"lazy\" decoding=\"async\" width=\"1024\" height=\"683\" src=\"http:\/\/association-carmen.fr\/la-caravane-des-medias\/wp-content\/uploads\/2020\/11\/20201103_CARAVANE_MEDIA_DSF1631-1024x683.jpg\" alt=\"Apr\u00e8s une journ\u00e9e d\u2019\u00e9criture, nous prenons la route de la Maison Familiale et Rurale de Beauregard reconnue pour sa fili\u00e8re \u00e9quine. Notre premier atelier : une rencontre avec une classe de premi\u00e8re Conduite et gestion d\u2019une entreprise hippique. \" class=\"wp-image-405\" srcset=\"https:\/\/association-carmen.fr\/la-caravane-des-medias\/wp-content\/uploads\/2020\/11\/20201103_CARAVANE_MEDIA_DSF1631-1024x683.jpg 1024w, https:\/\/association-carmen.fr\/la-caravane-des-medias\/wp-content\/uploads\/2020\/11\/20201103_CARAVANE_MEDIA_DSF1631-300x200.jpg 300w, https:\/\/association-carmen.fr\/la-caravane-des-medias\/wp-content\/uploads\/2020\/11\/20201103_CARAVANE_MEDIA_DSF1631-768x512.jpg 768w, https:\/\/association-carmen.fr\/la-caravane-des-medias\/wp-content\/uploads\/2020\/11\/20201103_CARAVANE_MEDIA_DSF1631.jpg 1500w\" sizes=\"auto, (max-width: 1024px) 100vw, 1024px\" \/><figcaption>MFR Beauregard, 1\u00e8re bac pro CGEH \u00a9 Simon Lambert<\/figcaption><\/figure>\n\n\n\n<p>Les attentats de Vienne, Avignon, Conflans font partie des sujets qui ont marqu\u00e9 les jeunes. Choqu\u00e9s par ceux-ci, les jeunes ont cependant du mal \u00e0 se rappeler les faits et informations qu&rsquo;ils ont sur ces \u00e9v\u00e9nements. Et de vives critiques \u00e0 propos des cha\u00eenes d&rsquo;informations \u00e9mergent rapidement. \u00ab\u00a0Ils vont voir tout le monde et donnent des informations pour leur live sans vraiment les v\u00e9rifier\u00a0\u00bb estime Arthur, originaire de Cr\u00e9py-en-Valois dans l&rsquo;Oise, o\u00f9 il a vu les journalistes d\u00e9ferler sur la ville car elle avait \u00e9t\u00e9 l&rsquo;un des premiers foyers de contagion de la pand\u00e9mie en mars dernier. \u00ab\u00a0Ce sont des mythos\u00a0\u00bb r\u00e2le m\u00eame un camarade. La discussion se poursuit et les remarques fusent : manque de fiabilit\u00e9, ambiance d\u00e9l\u00e9t\u00e8re et criarde sur les plateaux, les cha\u00eenes d&rsquo;information en continu n&rsquo;ont d\u00e9finitivement pas la c\u00f4te.<\/p>\n\n\n\n<figure class=\"wp-block-image size-large\"><img loading=\"lazy\" decoding=\"async\" width=\"1024\" height=\"683\" src=\"http:\/\/association-carmen.fr\/la-caravane-des-medias\/wp-content\/uploads\/2020\/11\/20201103_CARAVANE_MEDIA_DSF1623-1024x683.jpg\" alt=\"Apr\u00e8s une journ\u00e9e d\u2019\u00e9criture, nous prenons la route de la Maison Familiale et Rurale de Beauregard reconnue pour sa fili\u00e8re \u00e9quine. Notre premier atelier : une rencontre avec une classe de premi\u00e8re Conduite et gestion d\u2019une entreprise hippique. \" class=\"wp-image-407\" srcset=\"https:\/\/association-carmen.fr\/la-caravane-des-medias\/wp-content\/uploads\/2020\/11\/20201103_CARAVANE_MEDIA_DSF1623-1024x683.jpg 1024w, https:\/\/association-carmen.fr\/la-caravane-des-medias\/wp-content\/uploads\/2020\/11\/20201103_CARAVANE_MEDIA_DSF1623-300x200.jpg 300w, https:\/\/association-carmen.fr\/la-caravane-des-medias\/wp-content\/uploads\/2020\/11\/20201103_CARAVANE_MEDIA_DSF1623-768x512.jpg 768w, https:\/\/association-carmen.fr\/la-caravane-des-medias\/wp-content\/uploads\/2020\/11\/20201103_CARAVANE_MEDIA_DSF1623.jpg 1500w\" sizes=\"auto, (max-width: 1024px) 100vw, 1024px\" \/><figcaption>MFR Beauregard, 1\u00e8re bac pro CGEH \u00a9 Simon Lambert<\/figcaption><\/figure>\n\n\n\n<p>La t\u00e9l\u00e9vision reste malgr\u00e9 un m\u00e9dia qu&rsquo;ils appr\u00e9cient : les journaux t\u00e9l\u00e9vis\u00e9s des cha\u00eenes principales sont pl\u00e9biscit\u00e9s. La plupart des \u00e9l\u00e8ves les regardent en famille, la cha\u00eene variant en fonction du choix des parents : TF1, France 2, voir les journaux r\u00e9gionaux de France 3. Les informations qui en sont issues sont estim\u00e9es fiables et permettent m\u00eame \u00e0 certains de s&rsquo;assurer qu&rsquo;une actualit\u00e9 qu&rsquo;ils ont vu sur les r\u00e9seaux sociaux dans la journ\u00e9e est \u00ab\u00a0importante\u00a0\u00bb.<\/p>\n\n\n\n<p>Les jeunes se sentent par ailleurs absents des m\u00e9dias et des sujets d\u2019actualit\u00e9s ou tout au mieux mal repr\u00e9sent\u00e9s. \u00ab\u00a0<em>On met tous les jeunes dans le m\u00eame panier, alors qu&rsquo;on est pas tous des \u00ab\u00a0wesh-wesh\u00a0\u00bb ou des \u00ab\u00a0barakis<\/em>\u00ab\u00a0\u00a0\u00bb, s\u2019indigne Chlo\u00e9. Ils aimeraient que les journalistes prennent le temps d\u2019aller \u00e0 la rencontre des jeunes des diff\u00e9rents territoires pour rappeler les particularit\u00e9s de chacun. \u00ab\u00a0<em>On a tous des histoires qui peuvent \u00eatre int\u00e9ressantes<\/em>\u00a0\u00bb ajoute sa voisine de table.&nbsp;<\/p>\n\n\n\n<figure class=\"wp-block-image size-large\"><img loading=\"lazy\" decoding=\"async\" width=\"1024\" height=\"683\" src=\"http:\/\/association-carmen.fr\/la-caravane-des-medias\/wp-content\/uploads\/2020\/11\/20201103_CARAVANE_MEDIA_DSF1642-1024x683.jpg\" alt=\"Apr\u00e8s une journ\u00e9e d\u2019\u00e9criture, nous prenons la route de la Maison Familiale et Rurale de Beauregard reconnue pour sa fili\u00e8re \u00e9quine. Notre premier atelier : une rencontre avec une classe de premi\u00e8re Conduite et gestion d\u2019une entreprise hippique. \" class=\"wp-image-409\" srcset=\"https:\/\/association-carmen.fr\/la-caravane-des-medias\/wp-content\/uploads\/2020\/11\/20201103_CARAVANE_MEDIA_DSF1642-1024x683.jpg 1024w, https:\/\/association-carmen.fr\/la-caravane-des-medias\/wp-content\/uploads\/2020\/11\/20201103_CARAVANE_MEDIA_DSF1642-300x200.jpg 300w, https:\/\/association-carmen.fr\/la-caravane-des-medias\/wp-content\/uploads\/2020\/11\/20201103_CARAVANE_MEDIA_DSF1642-768x512.jpg 768w, https:\/\/association-carmen.fr\/la-caravane-des-medias\/wp-content\/uploads\/2020\/11\/20201103_CARAVANE_MEDIA_DSF1642.jpg 1500w\" sizes=\"auto, (max-width: 1024px) 100vw, 1024px\" \/><figcaption>MFR Beauregard, 1\u00e8re bac pro CGEH \u00a9 Simon Lambert<\/figcaption><\/figure>\n\n\n\n<p>Leur m\u00e9dia id\u00e9al, disponible sur Instagram et articul\u00e9 principalement autour de vid\u00e9os courtes, parlerait de ces jeunes-l\u00e0 (de 15 \u00e0 25 ans) et des enjeux qui les touchent : une rubrique avenir traitant de l\u2019\u00e9cologie, de la nature, de la sensibilisation \u00e0 ces sujets ou encore une rubrique autour des questions de genre de l\u2019\u00e9galit\u00e9 filles \/ gar\u00e7ons et de l\u2019intime. Il accorderait en outre une place bien plus importante aux informations positives, qui selon eux n\u2019existent presque pas dans la presse\u2026<\/p>\n\n\n\n<figure class=\"wp-block-image size-large\"><img loading=\"lazy\" decoding=\"async\" width=\"1024\" height=\"683\" src=\"http:\/\/association-carmen.fr\/la-caravane-des-medias\/wp-content\/uploads\/2020\/11\/20201103_CARAVANE_MEDIA_DSF1618-1024x683.jpg\" alt=\"Apr\u00e8s une journ\u00e9e d\u2019\u00e9criture, nous prenons la route de la Maison Familiale et Rurale de Beauregard reconnue pour sa fili\u00e8re \u00e9quine. Notre premier atelier : une rencontre avec une classe de premi\u00e8re Conduite et gestion d\u2019une entreprise hippique. \" class=\"wp-image-397\" srcset=\"https:\/\/association-carmen.fr\/la-caravane-des-medias\/wp-content\/uploads\/2020\/11\/20201103_CARAVANE_MEDIA_DSF1618-1024x683.jpg 1024w, https:\/\/association-carmen.fr\/la-caravane-des-medias\/wp-content\/uploads\/2020\/11\/20201103_CARAVANE_MEDIA_DSF1618-300x200.jpg 300w, https:\/\/association-carmen.fr\/la-caravane-des-medias\/wp-content\/uploads\/2020\/11\/20201103_CARAVANE_MEDIA_DSF1618-768x512.jpg 768w, https:\/\/association-carmen.fr\/la-caravane-des-medias\/wp-content\/uploads\/2020\/11\/20201103_CARAVANE_MEDIA_DSF1618.jpg 1500w\" sizes=\"auto, (max-width: 1024px) 100vw, 1024px\" \/><figcaption>MFR Beauregard, site de l&rsquo;Hippodrome. Classe de 1\u00e8re bac pro CGEH \u00a9 Simon Lambert<\/figcaption><\/figure>\n","protected":false},"excerpt":{"rendered":"<p>Apr\u00e8s une journ\u00e9e d\u2019\u00e9criture, nous prenons la route de la Maison Familiale et Rurale de Beauregard reconnue pour sa fili\u00e8re \u00e9quine. Notre premier atelier : une rencontre avec une classe de premi\u00e8re Conduite et gestion d\u2019une entreprise hippique. <\/p>\n","protected":false},"author":1,"featured_media":392,"comment_status":"open","ping_status":"open","sticky":false,"template":"","format":"standard","meta":{"_jetpack_memberships_contains_paid_content":false,"footnotes":""},"categories":[13],"tags":[],"class_list":["post-390","post","type-post","status-publish","format-standard","has-post-thumbnail","hentry","category-trois-rivieres-aisne"],"yoast_head":"<!-- This site is optimized with the Yoast SEO plugin v25.6 - https:\/\/yoast.com\/wordpress\/plugins\/seo\/ -->\n<title>&quot;Payer pour s\u2019informer, c\u2019est fou quand m\u00eame !&quot; - La caravane des m\u00e9dias<\/title>\n<meta name=\"description\" content=\"Jour 1 - Le m\u00e9dia id\u00e9al des jeunes de 1\u00e8re de la fili\u00e8re Conduite et gestion d\u2019une entreprise hippique \u00e0 la MFR Beauregard de Clairfontaine\" \/>\n<meta name=\"robots\" content=\"index, follow, max-snippet:-1, max-image-preview:large, max-video-preview:-1\" \/>\n<link rel=\"canonical\" href=\"https:\/\/association-carmen.fr\/la-caravane-des-medias\/jour-1-le-media-ideal-des-jeunes\/\" \/>\n<meta property=\"og:locale\" content=\"fr_FR\" \/>\n<meta property=\"og:type\" content=\"article\" \/>\n<meta property=\"og:title\" content=\"&quot;Payer pour s\u2019informer, c\u2019est fou quand m\u00eame !&quot;\" \/>\n<meta property=\"og:description\" content=\"La caravane des m\u00e9dias\" \/>\n<meta property=\"og:url\" content=\"https:\/\/association-carmen.fr\/la-caravane-des-medias\/jour-1-le-media-ideal-des-jeunes\/\" \/>\n<meta property=\"og:site_name\" content=\"La caravane des m\u00e9dias\" \/>\n<meta property=\"article:published_time\" content=\"2020-11-05T17:05:17+00:00\" \/>\n<meta property=\"article:modified_time\" content=\"2020-11-09T10:00:11+00:00\" \/>\n<meta property=\"og:image\" content=\"https:\/\/association-carmen.fr\/la-caravane-des-medias\/wp-content\/uploads\/2020\/11\/20201103_CARAVANE_MEDIA_DSF1566.jpg\" \/>\n\t<meta property=\"og:image:width\" content=\"1500\" \/>\n\t<meta property=\"og:image:height\" content=\"1000\" \/>\n\t<meta property=\"og:image:type\" content=\"image\/jpeg\" \/>\n<meta name=\"author\" content=\"LA CARAVANE DES M\u00c9DIAS\" \/>\n<meta name=\"twitter:card\" content=\"summary_large_image\" \/>\n<meta name=\"twitter:title\" content=\"&quot;Payer pour s\u2019informer, c\u2019est fou quand m\u00eame !&quot;\" \/>\n<meta name=\"twitter:description\" content=\"La caravane des m\u00e9dias\" \/>\n<meta name=\"twitter:image\" content=\"https:\/\/association-carmen.fr\/la-caravane-des-medias\/wp-content\/uploads\/2020\/11\/20201103_CARAVANE_MEDIA_DSF1566.jpg\" \/>\n<meta name=\"twitter:label1\" content=\"\u00c9crit par\" \/>\n\t<meta name=\"twitter:data1\" content=\"LA CARAVANE DES M\u00c9DIAS\" \/>\n\t<meta name=\"twitter:label2\" content=\"Dur\u00e9e de lecture estim\u00e9e\" \/>\n\t<meta name=\"twitter:data2\" content=\"6 minutes\" \/>\n<script type=\"application\/ld+json\" class=\"yoast-schema-graph\">{\"@context\":\"https:\/\/schema.org\",\"@graph\":[{\"@type\":\"Article\",\"@id\":\"https:\/\/association-carmen.fr\/la-caravane-des-medias\/jour-1-le-media-ideal-des-jeunes\/#article\",\"isPartOf\":{\"@id\":\"https:\/\/association-carmen.fr\/la-caravane-des-medias\/jour-1-le-media-ideal-des-jeunes\/\"},\"author\":{\"name\":\"LA CARAVANE DES M\u00c9DIAS\",\"@id\":\"https:\/\/association-carmen.fr\/la-caravane-des-medias\/#\/schema\/person\/bb08254e2d1a9ac9c13c739c13add68e\"},\"headline\":\"\u00ab\u00a0Payer pour s\u2019informer, c\u2019est fou quand m\u00eame !\u00a0\u00bb\",\"datePublished\":\"2020-11-05T17:05:17+00:00\",\"dateModified\":\"2020-11-09T10:00:11+00:00\",\"mainEntityOfPage\":{\"@id\":\"https:\/\/association-carmen.fr\/la-caravane-des-medias\/jour-1-le-media-ideal-des-jeunes\/\"},\"wordCount\":1152,\"commentCount\":0,\"publisher\":{\"@id\":\"https:\/\/association-carmen.fr\/la-caravane-des-medias\/#organization\"},\"image\":{\"@id\":\"https:\/\/association-carmen.fr\/la-caravane-des-medias\/jour-1-le-media-ideal-des-jeunes\/#primaryimage\"},\"thumbnailUrl\":\"https:\/\/association-carmen.fr\/la-caravane-des-medias\/wp-content\/uploads\/2020\/11\/20201103_CARAVANE_MEDIA_DSF1606.jpg\",\"articleSection\":[\"Trois Rivi\u00e8res (02)\"],\"inLanguage\":\"fr-FR\",\"potentialAction\":[{\"@type\":\"CommentAction\",\"name\":\"Comment\",\"target\":[\"https:\/\/association-carmen.fr\/la-caravane-des-medias\/jour-1-le-media-ideal-des-jeunes\/#respond\"]}]},{\"@type\":\"WebPage\",\"@id\":\"https:\/\/association-carmen.fr\/la-caravane-des-medias\/jour-1-le-media-ideal-des-jeunes\/\",\"url\":\"https:\/\/association-carmen.fr\/la-caravane-des-medias\/jour-1-le-media-ideal-des-jeunes\/\",\"name\":\"\\\"Payer pour s\u2019informer, c\u2019est fou quand m\u00eame !\\\" - La caravane des m\u00e9dias\",\"isPartOf\":{\"@id\":\"https:\/\/association-carmen.fr\/la-caravane-des-medias\/#website\"},\"primaryImageOfPage\":{\"@id\":\"https:\/\/association-carmen.fr\/la-caravane-des-medias\/jour-1-le-media-ideal-des-jeunes\/#primaryimage\"},\"image\":{\"@id\":\"https:\/\/association-carmen.fr\/la-caravane-des-medias\/jour-1-le-media-ideal-des-jeunes\/#primaryimage\"},\"thumbnailUrl\":\"https:\/\/association-carmen.fr\/la-caravane-des-medias\/wp-content\/uploads\/2020\/11\/20201103_CARAVANE_MEDIA_DSF1606.jpg\",\"datePublished\":\"2020-11-05T17:05:17+00:00\",\"dateModified\":\"2020-11-09T10:00:11+00:00\",\"description\":\"Jour 1 - Le m\u00e9dia id\u00e9al des jeunes de 1\u00e8re de la fili\u00e8re Conduite et gestion d\u2019une entreprise hippique \u00e0 la MFR Beauregard de Clairfontaine\",\"breadcrumb\":{\"@id\":\"https:\/\/association-carmen.fr\/la-caravane-des-medias\/jour-1-le-media-ideal-des-jeunes\/#breadcrumb\"},\"inLanguage\":\"fr-FR\",\"potentialAction\":[{\"@type\":\"ReadAction\",\"target\":[\"https:\/\/association-carmen.fr\/la-caravane-des-medias\/jour-1-le-media-ideal-des-jeunes\/\"]}]},{\"@type\":\"ImageObject\",\"inLanguage\":\"fr-FR\",\"@id\":\"https:\/\/association-carmen.fr\/la-caravane-des-medias\/jour-1-le-media-ideal-des-jeunes\/#primaryimage\",\"url\":\"https:\/\/association-carmen.fr\/la-caravane-des-medias\/wp-content\/uploads\/2020\/11\/20201103_CARAVANE_MEDIA_DSF1606.jpg\",\"contentUrl\":\"https:\/\/association-carmen.fr\/la-caravane-des-medias\/wp-content\/uploads\/2020\/11\/20201103_CARAVANE_MEDIA_DSF1606.jpg\",\"width\":1500,\"height\":1000,\"caption\":\"MFR de Beauregard, site de l'Hippodrome. Clase de 1ere bac pro CGEH\"},{\"@type\":\"BreadcrumbList\",\"@id\":\"https:\/\/association-carmen.fr\/la-caravane-des-medias\/jour-1-le-media-ideal-des-jeunes\/#breadcrumb\",\"itemListElement\":[{\"@type\":\"ListItem\",\"position\":1,\"name\":\"Accueil\",\"item\":\"https:\/\/association-carmen.fr\/la-caravane-des-medias\/\"},{\"@type\":\"ListItem\",\"position\":2,\"name\":\"\u00ab\u00a0Payer pour s\u2019informer, c\u2019est fou quand m\u00eame !\u00a0\u00bb\"}]},{\"@type\":\"WebSite\",\"@id\":\"https:\/\/association-carmen.fr\/la-caravane-des-medias\/#website\",\"url\":\"https:\/\/association-carmen.fr\/la-caravane-des-medias\/\",\"name\":\"La caravane des m\u00e9dias\",\"description\":\"\",\"publisher\":{\"@id\":\"https:\/\/association-carmen.fr\/la-caravane-des-medias\/#organization\"},\"potentialAction\":[{\"@type\":\"SearchAction\",\"target\":{\"@type\":\"EntryPoint\",\"urlTemplate\":\"https:\/\/association-carmen.fr\/la-caravane-des-medias\/?s={search_term_string}\"},\"query-input\":{\"@type\":\"PropertyValueSpecification\",\"valueRequired\":true,\"valueName\":\"search_term_string\"}}],\"inLanguage\":\"fr-FR\"},{\"@type\":\"Organization\",\"@id\":\"https:\/\/association-carmen.fr\/la-caravane-des-medias\/#organization\",\"name\":\"La Caravane des M\u00e9dias - Association CARMEN\",\"url\":\"https:\/\/association-carmen.fr\/la-caravane-des-medias\/\",\"logo\":{\"@type\":\"ImageObject\",\"inLanguage\":\"fr-FR\",\"@id\":\"https:\/\/association-carmen.fr\/la-caravane-des-medias\/#\/schema\/logo\/image\/\",\"url\":\"https:\/\/association-carmen.fr\/la-caravane-des-medias\/wp-content\/uploads\/2020\/07\/la-caravane-IMG-FOND.png\",\"contentUrl\":\"https:\/\/association-carmen.fr\/la-caravane-des-medias\/wp-content\/uploads\/2020\/07\/la-caravane-IMG-FOND.png\",\"width\":1920,\"height\":1080,\"caption\":\"La Caravane des M\u00e9dias - Association CARMEN\"},\"image\":{\"@id\":\"https:\/\/association-carmen.fr\/la-caravane-des-medias\/#\/schema\/logo\/image\/\"}},{\"@type\":\"Person\",\"@id\":\"https:\/\/association-carmen.fr\/la-caravane-des-medias\/#\/schema\/person\/bb08254e2d1a9ac9c13c739c13add68e\",\"name\":\"LA CARAVANE DES M\u00c9DIAS\",\"image\":{\"@type\":\"ImageObject\",\"inLanguage\":\"fr-FR\",\"@id\":\"https:\/\/association-carmen.fr\/la-caravane-des-medias\/#\/schema\/person\/image\/\",\"url\":\"https:\/\/secure.gravatar.com\/avatar\/970d3af93b5370d1d9115237a868874a28296529020e9fff2826691825659a9a?s=96&d=blank&r=g\",\"contentUrl\":\"https:\/\/secure.gravatar.com\/avatar\/970d3af93b5370d1d9115237a868874a28296529020e9fff2826691825659a9a?s=96&d=blank&r=g\",\"caption\":\"LA CARAVANE DES M\u00c9DIAS\"},\"url\":\"https:\/\/association-carmen.fr\/la-caravane-des-medias\/author\/caravmed\/\"}]}<\/script>\n<!-- \/ Yoast SEO plugin. -->","yoast_head_json":{"title":"\"Payer pour s\u2019informer, c\u2019est fou quand m\u00eame !\" - La caravane des m\u00e9dias","description":"Jour 1 - Le m\u00e9dia id\u00e9al des jeunes de 1\u00e8re de la fili\u00e8re Conduite et gestion d\u2019une entreprise hippique \u00e0 la MFR Beauregard de Clairfontaine","robots":{"index":"index","follow":"follow","max-snippet":"max-snippet:-1","max-image-preview":"max-image-preview:large","max-video-preview":"max-video-preview:-1"},"canonical":"https:\/\/association-carmen.fr\/la-caravane-des-medias\/jour-1-le-media-ideal-des-jeunes\/","og_locale":"fr_FR","og_type":"article","og_title":"\"Payer pour s\u2019informer, c\u2019est fou quand m\u00eame !\"","og_description":"La caravane des m\u00e9dias","og_url":"https:\/\/association-carmen.fr\/la-caravane-des-medias\/jour-1-le-media-ideal-des-jeunes\/","og_site_name":"La caravane des m\u00e9dias","article_published_time":"2020-11-05T17:05:17+00:00","article_modified_time":"2020-11-09T10:00:11+00:00","og_image":[{"width":1500,"height":1000,"url":"https:\/\/association-carmen.fr\/la-caravane-des-medias\/wp-content\/uploads\/2020\/11\/20201103_CARAVANE_MEDIA_DSF1566.jpg","type":"image\/jpeg"}],"author":"LA CARAVANE DES M\u00c9DIAS","twitter_card":"summary_large_image","twitter_title":"\"Payer pour s\u2019informer, c\u2019est fou quand m\u00eame !\"","twitter_description":"La caravane des m\u00e9dias","twitter_image":"https:\/\/association-carmen.fr\/la-caravane-des-medias\/wp-content\/uploads\/2020\/11\/20201103_CARAVANE_MEDIA_DSF1566.jpg","twitter_misc":{"\u00c9crit par":"LA CARAVANE DES M\u00c9DIAS","Dur\u00e9e de lecture estim\u00e9e":"6 minutes"},"schema":{"@context":"https:\/\/schema.org","@graph":[{"@type":"Article","@id":"https:\/\/association-carmen.fr\/la-caravane-des-medias\/jour-1-le-media-ideal-des-jeunes\/#article","isPartOf":{"@id":"https:\/\/association-carmen.fr\/la-caravane-des-medias\/jour-1-le-media-ideal-des-jeunes\/"},"author":{"name":"LA CARAVANE DES M\u00c9DIAS","@id":"https:\/\/association-carmen.fr\/la-caravane-des-medias\/#\/schema\/person\/bb08254e2d1a9ac9c13c739c13add68e"},"headline":"\u00ab\u00a0Payer pour s\u2019informer, c\u2019est fou quand m\u00eame !\u00a0\u00bb","datePublished":"2020-11-05T17:05:17+00:00","dateModified":"2020-11-09T10:00:11+00:00","mainEntityOfPage":{"@id":"https:\/\/association-carmen.fr\/la-caravane-des-medias\/jour-1-le-media-ideal-des-jeunes\/"},"wordCount":1152,"commentCount":0,"publisher":{"@id":"https:\/\/association-carmen.fr\/la-caravane-des-medias\/#organization"},"image":{"@id":"https:\/\/association-carmen.fr\/la-caravane-des-medias\/jour-1-le-media-ideal-des-jeunes\/#primaryimage"},"thumbnailUrl":"https:\/\/association-carmen.fr\/la-caravane-des-medias\/wp-content\/uploads\/2020\/11\/20201103_CARAVANE_MEDIA_DSF1606.jpg","articleSection":["Trois Rivi\u00e8res (02)"],"inLanguage":"fr-FR","potentialAction":[{"@type":"CommentAction","name":"Comment","target":["https:\/\/association-carmen.fr\/la-caravane-des-medias\/jour-1-le-media-ideal-des-jeunes\/#respond"]}]},{"@type":"WebPage","@id":"https:\/\/association-carmen.fr\/la-caravane-des-medias\/jour-1-le-media-ideal-des-jeunes\/","url":"https:\/\/association-carmen.fr\/la-caravane-des-medias\/jour-1-le-media-ideal-des-jeunes\/","name":"\"Payer pour s\u2019informer, c\u2019est fou quand m\u00eame !\" - La caravane des m\u00e9dias","isPartOf":{"@id":"https:\/\/association-carmen.fr\/la-caravane-des-medias\/#website"},"primaryImageOfPage":{"@id":"https:\/\/association-carmen.fr\/la-caravane-des-medias\/jour-1-le-media-ideal-des-jeunes\/#primaryimage"},"image":{"@id":"https:\/\/association-carmen.fr\/la-caravane-des-medias\/jour-1-le-media-ideal-des-jeunes\/#primaryimage"},"thumbnailUrl":"https:\/\/association-carmen.fr\/la-caravane-des-medias\/wp-content\/uploads\/2020\/11\/20201103_CARAVANE_MEDIA_DSF1606.jpg","datePublished":"2020-11-05T17:05:17+00:00","dateModified":"2020-11-09T10:00:11+00:00","description":"Jour 1 - Le m\u00e9dia id\u00e9al des jeunes de 1\u00e8re de la fili\u00e8re Conduite et gestion d\u2019une entreprise hippique \u00e0 la MFR Beauregard de Clairfontaine","breadcrumb":{"@id":"https:\/\/association-carmen.fr\/la-caravane-des-medias\/jour-1-le-media-ideal-des-jeunes\/#breadcrumb"},"inLanguage":"fr-FR","potentialAction":[{"@type":"ReadAction","target":["https:\/\/association-carmen.fr\/la-caravane-des-medias\/jour-1-le-media-ideal-des-jeunes\/"]}]},{"@type":"ImageObject","inLanguage":"fr-FR","@id":"https:\/\/association-carmen.fr\/la-caravane-des-medias\/jour-1-le-media-ideal-des-jeunes\/#primaryimage","url":"https:\/\/association-carmen.fr\/la-caravane-des-medias\/wp-content\/uploads\/2020\/11\/20201103_CARAVANE_MEDIA_DSF1606.jpg","contentUrl":"https:\/\/association-carmen.fr\/la-caravane-des-medias\/wp-content\/uploads\/2020\/11\/20201103_CARAVANE_MEDIA_DSF1606.jpg","width":1500,"height":1000,"caption":"MFR de Beauregard, site de l'Hippodrome. Clase de 1ere bac pro CGEH"},{"@type":"BreadcrumbList","@id":"https:\/\/association-carmen.fr\/la-caravane-des-medias\/jour-1-le-media-ideal-des-jeunes\/#breadcrumb","itemListElement":[{"@type":"ListItem","position":1,"name":"Accueil","item":"https:\/\/association-carmen.fr\/la-caravane-des-medias\/"},{"@type":"ListItem","position":2,"name":"\u00ab\u00a0Payer pour s\u2019informer, c\u2019est fou quand m\u00eame !\u00a0\u00bb"}]},{"@type":"WebSite","@id":"https:\/\/association-carmen.fr\/la-caravane-des-medias\/#website","url":"https:\/\/association-carmen.fr\/la-caravane-des-medias\/","name":"La caravane des m\u00e9dias","description":"","publisher":{"@id":"https:\/\/association-carmen.fr\/la-caravane-des-medias\/#organization"},"potentialAction":[{"@type":"SearchAction","target":{"@type":"EntryPoint","urlTemplate":"https:\/\/association-carmen.fr\/la-caravane-des-medias\/?s={search_term_string}"},"query-input":{"@type":"PropertyValueSpecification","valueRequired":true,"valueName":"search_term_string"}}],"inLanguage":"fr-FR"},{"@type":"Organization","@id":"https:\/\/association-carmen.fr\/la-caravane-des-medias\/#organization","name":"La Caravane des M\u00e9dias - Association CARMEN","url":"https:\/\/association-carmen.fr\/la-caravane-des-medias\/","logo":{"@type":"ImageObject","inLanguage":"fr-FR","@id":"https:\/\/association-carmen.fr\/la-caravane-des-medias\/#\/schema\/logo\/image\/","url":"https:\/\/association-carmen.fr\/la-caravane-des-medias\/wp-content\/uploads\/2020\/07\/la-caravane-IMG-FOND.png","contentUrl":"https:\/\/association-carmen.fr\/la-caravane-des-medias\/wp-content\/uploads\/2020\/07\/la-caravane-IMG-FOND.png","width":1920,"height":1080,"caption":"La Caravane des M\u00e9dias - Association CARMEN"},"image":{"@id":"https:\/\/association-carmen.fr\/la-caravane-des-medias\/#\/schema\/logo\/image\/"}},{"@type":"Person","@id":"https:\/\/association-carmen.fr\/la-caravane-des-medias\/#\/schema\/person\/bb08254e2d1a9ac9c13c739c13add68e","name":"LA CARAVANE DES M\u00c9DIAS","image":{"@type":"ImageObject","inLanguage":"fr-FR","@id":"https:\/\/association-carmen.fr\/la-caravane-des-medias\/#\/schema\/person\/image\/","url":"https:\/\/secure.gravatar.com\/avatar\/970d3af93b5370d1d9115237a868874a28296529020e9fff2826691825659a9a?s=96&d=blank&r=g","contentUrl":"https:\/\/secure.gravatar.com\/avatar\/970d3af93b5370d1d9115237a868874a28296529020e9fff2826691825659a9a?s=96&d=blank&r=g","caption":"LA CARAVANE DES M\u00c9DIAS"},"url":"https:\/\/association-carmen.fr\/la-caravane-des-medias\/author\/caravmed\/"}]}},"jetpack_featured_media_url":"https:\/\/association-carmen.fr\/la-caravane-des-medias\/wp-content\/uploads\/2020\/11\/20201103_CARAVANE_MEDIA_DSF1606.jpg","jetpack_sharing_enabled":true,"_links":{"self":[{"href":"https:\/\/association-carmen.fr\/la-caravane-des-medias\/wp-json\/wp\/v2\/posts\/390","targetHints":{"allow":["GET"]}}],"collection":[{"href":"https:\/\/association-carmen.fr\/la-caravane-des-medias\/wp-json\/wp\/v2\/posts"}],"about":[{"href":"https:\/\/association-carmen.fr\/la-caravane-des-medias\/wp-json\/wp\/v2\/types\/post"}],"author":[{"embeddable":true,"href":"https:\/\/association-carmen.fr\/la-caravane-des-medias\/wp-json\/wp\/v2\/users\/1"}],"replies":[{"embeddable":true,"href":"https:\/\/association-carmen.fr\/la-caravane-des-medias\/wp-json\/wp\/v2\/comments?post=390"}],"version-history":[{"count":9,"href":"https:\/\/association-carmen.fr\/la-caravane-des-medias\/wp-json\/wp\/v2\/posts\/390\/revisions"}],"predecessor-version":[{"id":432,"href":"https:\/\/association-carmen.fr\/la-caravane-des-medias\/wp-json\/wp\/v2\/posts\/390\/revisions\/432"}],"wp:featuredmedia":[{"embeddable":true,"href":"https:\/\/association-carmen.fr\/la-caravane-des-medias\/wp-json\/wp\/v2\/media\/392"}],"wp:attachment":[{"href":"https:\/\/association-carmen.fr\/la-caravane-des-medias\/wp-json\/wp\/v2\/media?parent=390"}],"wp:term":[{"taxonomy":"category","embeddable":true,"href":"https:\/\/association-carmen.fr\/la-caravane-des-medias\/wp-json\/wp\/v2\/categories?post=390"},{"taxonomy":"post_tag","embeddable":true,"href":"https:\/\/association-carmen.fr\/la-caravane-des-medias\/wp-json\/wp\/v2\/tags?post=390"}],"curies":[{"name":"wp","href":"https:\/\/api.w.org\/{rel}","templated":true}]}}