{"id":2362,"date":"2024-09-14T08:55:41","date_gmt":"2024-09-14T06:55:41","guid":{"rendered":"http:\/\/association-carmen.fr\/la-caravane-des-medias\/?p=2362"},"modified":"2025-10-30T14:50:45","modified_gmt":"2025-10-30T13:50:45","slug":"les-medias-participatifs-donnent-la-parole-autrement","status":"publish","type":"post","link":"https:\/\/association-carmen.fr\/la-caravane-des-medias\/les-medias-participatifs-donnent-la-parole-autrement\/","title":{"rendered":"Les m\u00e9dias participatifs donnent la parole autrement"},"content":{"rendered":"\n<p>Depuis 1989, la <a href=\"https:\/\/audiovisuel-participatif.org\/\">F\u00e9d\u00e9ration<\/a> de l\u2019audiovisuel participatif regroupe une quarantaine d\u2019acteurs associatifs en France qui \u0153uvrent dans le champ des m\u00e9dias, ou de l\u2019\u00e9ducation aux m\u00e9dias. Radio de quartier, TV associative, blog collaboratif, tous souhaitent encourager l&rsquo;expression citoyenne, parfois depuis des dizaines d\u2019ann\u00e9es. Cet apr\u00e8s-midi, c\u2019est l\u2019\u00e9quipe de <a href=\"https:\/\/www.google.com\/search?q=supercambrousse&amp;oq=supercambrousse&amp;gs_lcrp=EgZjaHJvbWUyBggAEEUYOTIKCAEQABiiBBiJBTIKCAIQABiABBiiBDIKCAMQABiABBiiBDIKCAQQABiABBiiBNIBCDMzNjhqMGo0qAIAsAIB&amp;sourceid=chrome&amp;ie=UTF-8\">Supercambrousse<\/a> qui propose aux autres une \u00e9coute sous le chapiteau de la salle de spectacle du Micmac, dans le quartier d\u2019Elbeuf. Avec des jeunes et des vraiment moins jeunes, ils livrent une \u00e9mission en live devant une foule conquise, diffus\u00e9e en direct sur la FM par <a href=\"http:\/\/www.radiocampusamiens.fr\/\">Radio Campus<\/a>, pr\u00e9sente pour l\u2019occasion. Un exemple parfait de ce qui se fait en termes de m\u00e9dias collaboratif.&nbsp;<\/p>\n\n\n\n<figure class=\"wp-block-gallery aligncenter has-nested-images columns-default is-cropped wp-block-gallery-1 is-layout-flex wp-block-gallery-is-layout-flex\">\n<figure class=\"wp-block-image size-large\"><img loading=\"lazy\" decoding=\"async\" width=\"683\" height=\"1024\" data-id=\"2364\" src=\"https:\/\/association-carmen.fr\/la-caravane-des-medias\/wp-content\/uploads\/2024\/09\/ORO7110-683x1024.jpg\" alt=\"\" class=\"wp-image-2364\" srcset=\"https:\/\/association-carmen.fr\/la-caravane-des-medias\/wp-content\/uploads\/2024\/09\/ORO7110-683x1024.jpg 683w, https:\/\/association-carmen.fr\/la-caravane-des-medias\/wp-content\/uploads\/2024\/09\/ORO7110-200x300.jpg 200w, https:\/\/association-carmen.fr\/la-caravane-des-medias\/wp-content\/uploads\/2024\/09\/ORO7110-768x1152.jpg 768w, https:\/\/association-carmen.fr\/la-caravane-des-medias\/wp-content\/uploads\/2024\/09\/ORO7110-1024x1536.jpg 1024w, https:\/\/association-carmen.fr\/la-caravane-des-medias\/wp-content\/uploads\/2024\/09\/ORO7110-1365x2048.jpg 1365w, https:\/\/association-carmen.fr\/la-caravane-des-medias\/wp-content\/uploads\/2024\/09\/ORO7110-1200x1800.jpg 1200w, https:\/\/association-carmen.fr\/la-caravane-des-medias\/wp-content\/uploads\/2024\/09\/ORO7110-1980x2970.jpg 1980w, https:\/\/association-carmen.fr\/la-caravane-des-medias\/wp-content\/uploads\/2024\/09\/ORO7110-scaled.jpg 1707w\" sizes=\"auto, (max-width: 683px) 100vw, 683px\" \/><\/figure>\n\n\n\n<figure class=\"wp-block-image size-large\"><img loading=\"lazy\" decoding=\"async\" width=\"683\" height=\"1024\" data-id=\"2346\" src=\"https:\/\/association-carmen.fr\/la-caravane-des-medias\/wp-content\/uploads\/2024\/09\/ORO7105-683x1024.jpg\" alt=\"\" class=\"wp-image-2346\" srcset=\"https:\/\/association-carmen.fr\/la-caravane-des-medias\/wp-content\/uploads\/2024\/09\/ORO7105-683x1024.jpg 683w, https:\/\/association-carmen.fr\/la-caravane-des-medias\/wp-content\/uploads\/2024\/09\/ORO7105-200x300.jpg 200w, https:\/\/association-carmen.fr\/la-caravane-des-medias\/wp-content\/uploads\/2024\/09\/ORO7105-768x1152.jpg 768w, https:\/\/association-carmen.fr\/la-caravane-des-medias\/wp-content\/uploads\/2024\/09\/ORO7105-1024x1536.jpg 1024w, https:\/\/association-carmen.fr\/la-caravane-des-medias\/wp-content\/uploads\/2024\/09\/ORO7105-1365x2048.jpg 1365w, https:\/\/association-carmen.fr\/la-caravane-des-medias\/wp-content\/uploads\/2024\/09\/ORO7105-1200x1800.jpg 1200w, https:\/\/association-carmen.fr\/la-caravane-des-medias\/wp-content\/uploads\/2024\/09\/ORO7105-1980x2970.jpg 1980w, https:\/\/association-carmen.fr\/la-caravane-des-medias\/wp-content\/uploads\/2024\/09\/ORO7105-scaled.jpg 1707w\" sizes=\"auto, (max-width: 683px) 100vw, 683px\" \/><\/figure>\n<\/figure>\n\n\n\n<p>Alors, rem\u00e8des aux m\u00e9dias traditionnels boud\u00e9s ou v\u00e9ritables cr\u00e9ateurs de liens dans un climat social crisp\u00e9 ? Finalement, qu\u2019est-ce qu\u2019un bon m\u00e9dia participatif ? La Caravane a pos\u00e9 la question aux participants, venus de toute la France. Tania, du m\u00e9dia en ligne <a href=\"https:\/\/www.ligne16.net\/\">Ligne 16<\/a> \u00e0 Nice trouve que ces initiatives permettent de \u00ab <em>relayer la parole des gens ordinaires.<\/em> <em>\u00bb&nbsp;<\/em><\/p>\n\n\n\n<p><strong>Libres et ind\u00e9pendants<\/strong><\/p>\n\n\n\n<p>Une id\u00e9e que partage Mat, de TVB, qui souhaite fabriquer une \u00ab<em> t\u00e9l\u00e9 faite par tous et toutes<\/em>. \u00bb Il consid\u00e8re que les informations ne devraient pas \u00eatre l\u2019apanage des journalistes qu\u2019il compare \u00e0 \u00ab <em>une poign\u00e9e de scribes qui utilisent entre eux les m\u00eames hi\u00e9roglyphes, accessibles \u00e0 peu de gens.<\/em> \u00bb Il explique : TVB, c\u2019est pour <a href=\"https:\/\/tvbruits.org\/\">T\u00e9l\u00e9 Bruit<\/a>, une \u00ab\u00a0<em>web t\u00e9l\u00e9vision associative, libre et ind\u00e9pendante en Midi Pyr\u00e9n\u00e9es.<\/em>\u00a0\u00bb Libre et ind\u00e9pendant, des mots qui sonnent comme un mantra pour Tom, qui souhaite des m\u00e9dias \u00ab <em>libres et citoyens<\/em> \u00bb, qui ne soient pas \u00ab <em>orient\u00e9s par des milliardaires.<\/em> \u00bb <\/p>\n\n\n\n<figure class=\"wp-block-gallery has-nested-images columns-default is-cropped wp-block-gallery-2 is-layout-flex wp-block-gallery-is-layout-flex\">\n<figure class=\"wp-block-image size-large\"><img loading=\"lazy\" decoding=\"async\" width=\"683\" height=\"1024\" data-id=\"2366\" src=\"https:\/\/association-carmen.fr\/la-caravane-des-medias\/wp-content\/uploads\/2024\/09\/ORO7152-683x1024.jpg\" alt=\"\" class=\"wp-image-2366\" srcset=\"https:\/\/association-carmen.fr\/la-caravane-des-medias\/wp-content\/uploads\/2024\/09\/ORO7152-683x1024.jpg 683w, https:\/\/association-carmen.fr\/la-caravane-des-medias\/wp-content\/uploads\/2024\/09\/ORO7152-200x300.jpg 200w, https:\/\/association-carmen.fr\/la-caravane-des-medias\/wp-content\/uploads\/2024\/09\/ORO7152-768x1152.jpg 768w, https:\/\/association-carmen.fr\/la-caravane-des-medias\/wp-content\/uploads\/2024\/09\/ORO7152-1024x1536.jpg 1024w, https:\/\/association-carmen.fr\/la-caravane-des-medias\/wp-content\/uploads\/2024\/09\/ORO7152-1365x2048.jpg 1365w, https:\/\/association-carmen.fr\/la-caravane-des-medias\/wp-content\/uploads\/2024\/09\/ORO7152-1200x1800.jpg 1200w, https:\/\/association-carmen.fr\/la-caravane-des-medias\/wp-content\/uploads\/2024\/09\/ORO7152-1980x2970.jpg 1980w, https:\/\/association-carmen.fr\/la-caravane-des-medias\/wp-content\/uploads\/2024\/09\/ORO7152-scaled.jpg 1707w\" sizes=\"auto, (max-width: 683px) 100vw, 683px\" \/><\/figure>\n\n\n\n<figure class=\"wp-block-image size-large\"><img loading=\"lazy\" decoding=\"async\" width=\"683\" height=\"1024\" data-id=\"2361\" src=\"https:\/\/association-carmen.fr\/la-caravane-des-medias\/wp-content\/uploads\/2024\/09\/ORO7089-683x1024.jpg\" alt=\"\" class=\"wp-image-2361\" srcset=\"https:\/\/association-carmen.fr\/la-caravane-des-medias\/wp-content\/uploads\/2024\/09\/ORO7089-683x1024.jpg 683w, https:\/\/association-carmen.fr\/la-caravane-des-medias\/wp-content\/uploads\/2024\/09\/ORO7089-200x300.jpg 200w, https:\/\/association-carmen.fr\/la-caravane-des-medias\/wp-content\/uploads\/2024\/09\/ORO7089-768x1152.jpg 768w, https:\/\/association-carmen.fr\/la-caravane-des-medias\/wp-content\/uploads\/2024\/09\/ORO7089-1024x1536.jpg 1024w, https:\/\/association-carmen.fr\/la-caravane-des-medias\/wp-content\/uploads\/2024\/09\/ORO7089-1365x2048.jpg 1365w, https:\/\/association-carmen.fr\/la-caravane-des-medias\/wp-content\/uploads\/2024\/09\/ORO7089-1200x1800.jpg 1200w, https:\/\/association-carmen.fr\/la-caravane-des-medias\/wp-content\/uploads\/2024\/09\/ORO7089-1980x2970.jpg 1980w, https:\/\/association-carmen.fr\/la-caravane-des-medias\/wp-content\/uploads\/2024\/09\/ORO7089-scaled.jpg 1707w\" sizes=\"auto, (max-width: 683px) 100vw, 683px\" \/><\/figure>\n<\/figure>\n\n\n\n<p>Tania rench\u00e9rit : \u00ab <em>On<\/em> <em>parle \u00e0 la place des jeunes, des femmes, sans demander leur avis aux principaux concern\u00e9s<\/em>. <em>Un m\u00e9dia o\u00f9 tout le monde participe permet \u00e7a. <\/em>\u00bb Au-del\u00e0 de l\u2019aspect \u00e9mancipateur, elle souligne aussi qu\u2019ils permettent le lien et la cr\u00e9ation d\u2019archives, en t\u00e9moigne le formidable fond vid\u00e9o de Canal Nord, ancienne cha\u00eene de T.V. de l\u2019association Carmen, qui a document\u00e9 Amiens depuis les ann\u00e9es 80.<\/p>\n\n\n\n<blockquote class=\"wp-block-quote is-style-large is-layout-flow wp-block-quote-is-layout-flow\">\n<p>\u00ab <em>On<\/em> <em>parle \u00e0 la place des jeunes, des femmes, sans demander leur avis aux principaux concern\u00e9s<\/em>. <em>Un m\u00e9dia o\u00f9 tout le monde participe permet \u00e7a. <\/em>\u00bb<\/p>\n<cite>Tania<\/cite><\/blockquote>\n\n\n\n<p>Guillaume, lui, travaille \u00e0 <a href=\"https:\/\/mallette.asso-synapses.org\/\">Synapses,<\/a> une association d\u2019\u00e9ducation aux m\u00e9dias toulousaine. Il estime que les m\u00e9dias participatifs devraient permettre de \u00ab rencontrer des gens diff\u00e9rents, toucher un nouveau public et se faire bousculer dans sa mani\u00e8re de penser. \u00bb Herv\u00e9, ancien enseignant et membre de la \u201cf\u00e9d\u00e9\u201d depuis le d\u00e9but, membre de <a href=\"https:\/\/ladigitale.dev\/digislides\/s\/65c254ae3f563\/#\/\">MOTV<\/a>, cite le documentaire Les m\u00e9diateurs du Pacifique (1997) : \u00ab Cr\u00e9er des rencontres, des \u201cd\u00e9s\u00e9quilibres\u201d, pour se remettre collectivement en marche. \u00bb&nbsp;<\/p>\n\n\n\n<figure class=\"wp-block-gallery has-nested-images columns-default is-cropped wp-block-gallery-3 is-layout-flex wp-block-gallery-is-layout-flex\">\n<figure class=\"wp-block-image size-large\"><img loading=\"lazy\" decoding=\"async\" width=\"683\" height=\"1024\" data-id=\"2358\" src=\"https:\/\/association-carmen.fr\/la-caravane-des-medias\/wp-content\/uploads\/2024\/09\/ORO7130-683x1024.jpg\" alt=\"\" class=\"wp-image-2358\" srcset=\"https:\/\/association-carmen.fr\/la-caravane-des-medias\/wp-content\/uploads\/2024\/09\/ORO7130-683x1024.jpg 683w, https:\/\/association-carmen.fr\/la-caravane-des-medias\/wp-content\/uploads\/2024\/09\/ORO7130-200x300.jpg 200w, https:\/\/association-carmen.fr\/la-caravane-des-medias\/wp-content\/uploads\/2024\/09\/ORO7130-768x1152.jpg 768w, https:\/\/association-carmen.fr\/la-caravane-des-medias\/wp-content\/uploads\/2024\/09\/ORO7130-1024x1536.jpg 1024w, https:\/\/association-carmen.fr\/la-caravane-des-medias\/wp-content\/uploads\/2024\/09\/ORO7130-1365x2048.jpg 1365w, https:\/\/association-carmen.fr\/la-caravane-des-medias\/wp-content\/uploads\/2024\/09\/ORO7130-1200x1800.jpg 1200w, https:\/\/association-carmen.fr\/la-caravane-des-medias\/wp-content\/uploads\/2024\/09\/ORO7130-1980x2970.jpg 1980w, https:\/\/association-carmen.fr\/la-caravane-des-medias\/wp-content\/uploads\/2024\/09\/ORO7130-scaled.jpg 1707w\" sizes=\"auto, (max-width: 683px) 100vw, 683px\" \/><\/figure>\n\n\n\n<figure class=\"wp-block-image size-large\"><img loading=\"lazy\" decoding=\"async\" width=\"683\" height=\"1024\" data-id=\"2357\" src=\"https:\/\/association-carmen.fr\/la-caravane-des-medias\/wp-content\/uploads\/2024\/09\/ORO7140-683x1024.jpg\" alt=\"\" class=\"wp-image-2357\" srcset=\"https:\/\/association-carmen.fr\/la-caravane-des-medias\/wp-content\/uploads\/2024\/09\/ORO7140-683x1024.jpg 683w, https:\/\/association-carmen.fr\/la-caravane-des-medias\/wp-content\/uploads\/2024\/09\/ORO7140-200x300.jpg 200w, https:\/\/association-carmen.fr\/la-caravane-des-medias\/wp-content\/uploads\/2024\/09\/ORO7140-768x1152.jpg 768w, https:\/\/association-carmen.fr\/la-caravane-des-medias\/wp-content\/uploads\/2024\/09\/ORO7140-1024x1536.jpg 1024w, https:\/\/association-carmen.fr\/la-caravane-des-medias\/wp-content\/uploads\/2024\/09\/ORO7140-1365x2048.jpg 1365w, https:\/\/association-carmen.fr\/la-caravane-des-medias\/wp-content\/uploads\/2024\/09\/ORO7140-1200x1800.jpg 1200w, https:\/\/association-carmen.fr\/la-caravane-des-medias\/wp-content\/uploads\/2024\/09\/ORO7140-1980x2971.jpg 1980w, https:\/\/association-carmen.fr\/la-caravane-des-medias\/wp-content\/uploads\/2024\/09\/ORO7140-scaled.jpg 1706w\" sizes=\"auto, (max-width: 683px) 100vw, 683px\" \/><\/figure>\n<\/figure>\n\n\n\n<p>De beaux messages comme des rem\u00e8des \u00e0 la m\u00e9lancolie m\u00e9diatique ambiante, r\u00e9sum\u00e9s par un texte inscrit sur les flyers des \u201cRencontres\u201d : \u00ab <em>les m\u00e9dias participatifs, au service de la transmission, sont de formidables outils de t\u00e9moignage, de m\u00e9moire, de rencontre, quand on n&rsquo;arrive plus \u00e0 s&rsquo;\u00e9couter. <\/em>\u00bb<\/p>\n\n\n\n<p class=\"has-text-align-right\"><em>Sophie Bourlet, Cl\u00e9mence Leleu et Timoth\u00e9e Vinchon<\/em><\/p>\n","protected":false},"excerpt":{"rendered":"<p>La Caravane s\u2019est invit\u00e9e aux rencontres 2024 de la F\u00e9d\u00e9ration de l\u2019audiovisuel participatif, qui se tenaient \u00e0 Amiens. L&rsquo;occasion de discuter de ce qu\u2019on peut attendre d\u2019un m\u00e9dia collaboratif. <\/p>\n","protected":false},"author":1,"featured_media":2365,"comment_status":"open","ping_status":"open","sticky":false,"template":"templates\/template-cover.php","format":"standard","meta":{"_jetpack_memberships_contains_paid_content":false,"footnotes":""},"categories":[23,26],"tags":[],"class_list":["post-2362","post","type-post","status-publish","format-standard","has-post-thumbnail","hentry","category-amiens-et-ses-quartiers","category-medias-locaux"],"yoast_head":"<!-- This site is optimized with the Yoast SEO plugin v25.6 - https:\/\/yoast.com\/wordpress\/plugins\/seo\/ -->\n<title>Les m\u00e9dias participatifs donnent la parole autrement - La caravane des m\u00e9dias<\/title>\n<meta name=\"description\" content=\"La Caravane s\u2019est invit\u00e9e aux rencontres 2024 de la F\u00e9d\u00e9ration de l\u2019audiovisuel participatif, qui se tenaient \u00e0 Amiens. L&#039;occasion de discuter de ce qu\u2019on peut attendre d\u2019un m\u00e9dia collaboratif.\" \/>\n<meta name=\"robots\" content=\"index, follow, max-snippet:-1, max-image-preview:large, max-video-preview:-1\" \/>\n<link rel=\"canonical\" href=\"https:\/\/association-carmen.fr\/la-caravane-des-medias\/les-medias-participatifs-donnent-la-parole-autrement\/\" \/>\n<meta property=\"og:locale\" content=\"fr_FR\" \/>\n<meta property=\"og:type\" content=\"article\" \/>\n<meta property=\"og:title\" content=\"Les m\u00e9dias participatifs donnent la parole autrement - La caravane des m\u00e9dias\" \/>\n<meta property=\"og:description\" content=\"La Caravane s\u2019est invit\u00e9e aux rencontres 2024 de la F\u00e9d\u00e9ration de l\u2019audiovisuel participatif, qui se tenaient \u00e0 Amiens. L&#039;occasion de discuter de ce qu\u2019on peut attendre d\u2019un m\u00e9dia collaboratif.\" \/>\n<meta property=\"og:url\" content=\"https:\/\/association-carmen.fr\/la-caravane-des-medias\/les-medias-participatifs-donnent-la-parole-autrement\/\" \/>\n<meta property=\"og:site_name\" content=\"La caravane des m\u00e9dias\" \/>\n<meta property=\"article:published_time\" content=\"2024-09-14T06:55:41+00:00\" \/>\n<meta property=\"article:modified_time\" content=\"2025-10-30T13:50:45+00:00\" \/>\n<meta property=\"og:image\" content=\"https:\/\/association-carmen.fr\/la-caravane-des-medias\/wp-content\/uploads\/2024\/09\/ORO7133-scaled.jpg\" \/>\n\t<meta property=\"og:image:width\" content=\"2560\" \/>\n\t<meta property=\"og:image:height\" content=\"1707\" \/>\n\t<meta property=\"og:image:type\" content=\"image\/jpeg\" \/>\n<meta name=\"author\" content=\"LA CARAVANE DES M\u00c9DIAS\" \/>\n<meta name=\"twitter:card\" content=\"summary_large_image\" \/>\n<meta name=\"twitter:label1\" content=\"\u00c9crit par\" \/>\n\t<meta name=\"twitter:data1\" content=\"LA CARAVANE DES M\u00c9DIAS\" \/>\n\t<meta name=\"twitter:label2\" content=\"Dur\u00e9e de lecture estim\u00e9e\" \/>\n\t<meta name=\"twitter:data2\" content=\"4 minutes\" \/>\n<script type=\"application\/ld+json\" class=\"yoast-schema-graph\">{\"@context\":\"https:\/\/schema.org\",\"@graph\":[{\"@type\":\"Article\",\"@id\":\"https:\/\/association-carmen.fr\/la-caravane-des-medias\/les-medias-participatifs-donnent-la-parole-autrement\/#article\",\"isPartOf\":{\"@id\":\"https:\/\/association-carmen.fr\/la-caravane-des-medias\/les-medias-participatifs-donnent-la-parole-autrement\/\"},\"author\":{\"name\":\"LA CARAVANE DES M\u00c9DIAS\",\"@id\":\"https:\/\/association-carmen.fr\/la-caravane-des-medias\/#\/schema\/person\/bb08254e2d1a9ac9c13c739c13add68e\"},\"headline\":\"Les m\u00e9dias participatifs donnent la parole autrement\",\"datePublished\":\"2024-09-14T06:55:41+00:00\",\"dateModified\":\"2025-10-30T13:50:45+00:00\",\"mainEntityOfPage\":{\"@id\":\"https:\/\/association-carmen.fr\/la-caravane-des-medias\/les-medias-participatifs-donnent-la-parole-autrement\/\"},\"wordCount\":560,\"commentCount\":0,\"publisher\":{\"@id\":\"https:\/\/association-carmen.fr\/la-caravane-des-medias\/#organization\"},\"image\":{\"@id\":\"https:\/\/association-carmen.fr\/la-caravane-des-medias\/les-medias-participatifs-donnent-la-parole-autrement\/#primaryimage\"},\"thumbnailUrl\":\"https:\/\/association-carmen.fr\/la-caravane-des-medias\/wp-content\/uploads\/2024\/09\/ORO7133-scaled.jpg\",\"articleSection\":[\"Amiens et ses quartiers (80)\",\"m\u00e9dias locaux\"],\"inLanguage\":\"fr-FR\",\"potentialAction\":[{\"@type\":\"CommentAction\",\"name\":\"Comment\",\"target\":[\"https:\/\/association-carmen.fr\/la-caravane-des-medias\/les-medias-participatifs-donnent-la-parole-autrement\/#respond\"]}]},{\"@type\":\"WebPage\",\"@id\":\"https:\/\/association-carmen.fr\/la-caravane-des-medias\/les-medias-participatifs-donnent-la-parole-autrement\/\",\"url\":\"https:\/\/association-carmen.fr\/la-caravane-des-medias\/les-medias-participatifs-donnent-la-parole-autrement\/\",\"name\":\"Les m\u00e9dias participatifs donnent la parole autrement - La caravane des m\u00e9dias\",\"isPartOf\":{\"@id\":\"https:\/\/association-carmen.fr\/la-caravane-des-medias\/#website\"},\"primaryImageOfPage\":{\"@id\":\"https:\/\/association-carmen.fr\/la-caravane-des-medias\/les-medias-participatifs-donnent-la-parole-autrement\/#primaryimage\"},\"image\":{\"@id\":\"https:\/\/association-carmen.fr\/la-caravane-des-medias\/les-medias-participatifs-donnent-la-parole-autrement\/#primaryimage\"},\"thumbnailUrl\":\"https:\/\/association-carmen.fr\/la-caravane-des-medias\/wp-content\/uploads\/2024\/09\/ORO7133-scaled.jpg\",\"datePublished\":\"2024-09-14T06:55:41+00:00\",\"dateModified\":\"2025-10-30T13:50:45+00:00\",\"description\":\"La Caravane s\u2019est invit\u00e9e aux rencontres 2024 de la F\u00e9d\u00e9ration de l\u2019audiovisuel participatif, qui se tenaient \u00e0 Amiens. L'occasion de discuter de ce qu\u2019on peut attendre d\u2019un m\u00e9dia collaboratif.\",\"breadcrumb\":{\"@id\":\"https:\/\/association-carmen.fr\/la-caravane-des-medias\/les-medias-participatifs-donnent-la-parole-autrement\/#breadcrumb\"},\"inLanguage\":\"fr-FR\",\"potentialAction\":[{\"@type\":\"ReadAction\",\"target\":[\"https:\/\/association-carmen.fr\/la-caravane-des-medias\/les-medias-participatifs-donnent-la-parole-autrement\/\"]}]},{\"@type\":\"ImageObject\",\"inLanguage\":\"fr-FR\",\"@id\":\"https:\/\/association-carmen.fr\/la-caravane-des-medias\/les-medias-participatifs-donnent-la-parole-autrement\/#primaryimage\",\"url\":\"https:\/\/association-carmen.fr\/la-caravane-des-medias\/wp-content\/uploads\/2024\/09\/ORO7133-scaled.jpg\",\"contentUrl\":\"https:\/\/association-carmen.fr\/la-caravane-des-medias\/wp-content\/uploads\/2024\/09\/ORO7133-scaled.jpg\",\"width\":2560,\"height\":1707},{\"@type\":\"BreadcrumbList\",\"@id\":\"https:\/\/association-carmen.fr\/la-caravane-des-medias\/les-medias-participatifs-donnent-la-parole-autrement\/#breadcrumb\",\"itemListElement\":[{\"@type\":\"ListItem\",\"position\":1,\"name\":\"Accueil\",\"item\":\"https:\/\/association-carmen.fr\/la-caravane-des-medias\/\"},{\"@type\":\"ListItem\",\"position\":2,\"name\":\"Les m\u00e9dias participatifs donnent la parole autrement\"}]},{\"@type\":\"WebSite\",\"@id\":\"https:\/\/association-carmen.fr\/la-caravane-des-medias\/#website\",\"url\":\"https:\/\/association-carmen.fr\/la-caravane-des-medias\/\",\"name\":\"La caravane des m\u00e9dias\",\"description\":\"\",\"publisher\":{\"@id\":\"https:\/\/association-carmen.fr\/la-caravane-des-medias\/#organization\"},\"potentialAction\":[{\"@type\":\"SearchAction\",\"target\":{\"@type\":\"EntryPoint\",\"urlTemplate\":\"https:\/\/association-carmen.fr\/la-caravane-des-medias\/?s={search_term_string}\"},\"query-input\":{\"@type\":\"PropertyValueSpecification\",\"valueRequired\":true,\"valueName\":\"search_term_string\"}}],\"inLanguage\":\"fr-FR\"},{\"@type\":\"Organization\",\"@id\":\"https:\/\/association-carmen.fr\/la-caravane-des-medias\/#organization\",\"name\":\"La Caravane des M\u00e9dias - Association CARMEN\",\"url\":\"https:\/\/association-carmen.fr\/la-caravane-des-medias\/\",\"logo\":{\"@type\":\"ImageObject\",\"inLanguage\":\"fr-FR\",\"@id\":\"https:\/\/association-carmen.fr\/la-caravane-des-medias\/#\/schema\/logo\/image\/\",\"url\":\"https:\/\/association-carmen.fr\/la-caravane-des-medias\/wp-content\/uploads\/2020\/07\/la-caravane-IMG-FOND.png\",\"contentUrl\":\"https:\/\/association-carmen.fr\/la-caravane-des-medias\/wp-content\/uploads\/2020\/07\/la-caravane-IMG-FOND.png\",\"width\":1920,\"height\":1080,\"caption\":\"La Caravane des M\u00e9dias - Association CARMEN\"},\"image\":{\"@id\":\"https:\/\/association-carmen.fr\/la-caravane-des-medias\/#\/schema\/logo\/image\/\"}},{\"@type\":\"Person\",\"@id\":\"https:\/\/association-carmen.fr\/la-caravane-des-medias\/#\/schema\/person\/bb08254e2d1a9ac9c13c739c13add68e\",\"name\":\"LA CARAVANE DES M\u00c9DIAS\",\"image\":{\"@type\":\"ImageObject\",\"inLanguage\":\"fr-FR\",\"@id\":\"https:\/\/association-carmen.fr\/la-caravane-des-medias\/#\/schema\/person\/image\/\",\"url\":\"https:\/\/secure.gravatar.com\/avatar\/970d3af93b5370d1d9115237a868874a28296529020e9fff2826691825659a9a?s=96&d=blank&r=g\",\"contentUrl\":\"https:\/\/secure.gravatar.com\/avatar\/970d3af93b5370d1d9115237a868874a28296529020e9fff2826691825659a9a?s=96&d=blank&r=g\",\"caption\":\"LA CARAVANE DES M\u00c9DIAS\"},\"url\":\"https:\/\/association-carmen.fr\/la-caravane-des-medias\/author\/caravmed\/\"}]}<\/script>\n<!-- \/ Yoast SEO plugin. -->","yoast_head_json":{"title":"Les m\u00e9dias participatifs donnent la parole autrement - La caravane des m\u00e9dias","description":"La Caravane s\u2019est invit\u00e9e aux rencontres 2024 de la F\u00e9d\u00e9ration de l\u2019audiovisuel participatif, qui se tenaient \u00e0 Amiens. L'occasion de discuter de ce qu\u2019on peut attendre d\u2019un m\u00e9dia collaboratif.","robots":{"index":"index","follow":"follow","max-snippet":"max-snippet:-1","max-image-preview":"max-image-preview:large","max-video-preview":"max-video-preview:-1"},"canonical":"https:\/\/association-carmen.fr\/la-caravane-des-medias\/les-medias-participatifs-donnent-la-parole-autrement\/","og_locale":"fr_FR","og_type":"article","og_title":"Les m\u00e9dias participatifs donnent la parole autrement - La caravane des m\u00e9dias","og_description":"La Caravane s\u2019est invit\u00e9e aux rencontres 2024 de la F\u00e9d\u00e9ration de l\u2019audiovisuel participatif, qui se tenaient \u00e0 Amiens. L'occasion de discuter de ce qu\u2019on peut attendre d\u2019un m\u00e9dia collaboratif.","og_url":"https:\/\/association-carmen.fr\/la-caravane-des-medias\/les-medias-participatifs-donnent-la-parole-autrement\/","og_site_name":"La caravane des m\u00e9dias","article_published_time":"2024-09-14T06:55:41+00:00","article_modified_time":"2025-10-30T13:50:45+00:00","og_image":[{"width":2560,"height":1707,"url":"https:\/\/association-carmen.fr\/la-caravane-des-medias\/wp-content\/uploads\/2024\/09\/ORO7133-scaled.jpg","type":"image\/jpeg"}],"author":"LA CARAVANE DES M\u00c9DIAS","twitter_card":"summary_large_image","twitter_misc":{"\u00c9crit par":"LA CARAVANE DES M\u00c9DIAS","Dur\u00e9e de lecture estim\u00e9e":"4 minutes"},"schema":{"@context":"https:\/\/schema.org","@graph":[{"@type":"Article","@id":"https:\/\/association-carmen.fr\/la-caravane-des-medias\/les-medias-participatifs-donnent-la-parole-autrement\/#article","isPartOf":{"@id":"https:\/\/association-carmen.fr\/la-caravane-des-medias\/les-medias-participatifs-donnent-la-parole-autrement\/"},"author":{"name":"LA CARAVANE DES M\u00c9DIAS","@id":"https:\/\/association-carmen.fr\/la-caravane-des-medias\/#\/schema\/person\/bb08254e2d1a9ac9c13c739c13add68e"},"headline":"Les m\u00e9dias participatifs donnent la parole autrement","datePublished":"2024-09-14T06:55:41+00:00","dateModified":"2025-10-30T13:50:45+00:00","mainEntityOfPage":{"@id":"https:\/\/association-carmen.fr\/la-caravane-des-medias\/les-medias-participatifs-donnent-la-parole-autrement\/"},"wordCount":560,"commentCount":0,"publisher":{"@id":"https:\/\/association-carmen.fr\/la-caravane-des-medias\/#organization"},"image":{"@id":"https:\/\/association-carmen.fr\/la-caravane-des-medias\/les-medias-participatifs-donnent-la-parole-autrement\/#primaryimage"},"thumbnailUrl":"https:\/\/association-carmen.fr\/la-caravane-des-medias\/wp-content\/uploads\/2024\/09\/ORO7133-scaled.jpg","articleSection":["Amiens et ses quartiers (80)","m\u00e9dias locaux"],"inLanguage":"fr-FR","potentialAction":[{"@type":"CommentAction","name":"Comment","target":["https:\/\/association-carmen.fr\/la-caravane-des-medias\/les-medias-participatifs-donnent-la-parole-autrement\/#respond"]}]},{"@type":"WebPage","@id":"https:\/\/association-carmen.fr\/la-caravane-des-medias\/les-medias-participatifs-donnent-la-parole-autrement\/","url":"https:\/\/association-carmen.fr\/la-caravane-des-medias\/les-medias-participatifs-donnent-la-parole-autrement\/","name":"Les m\u00e9dias participatifs donnent la parole autrement - La caravane des m\u00e9dias","isPartOf":{"@id":"https:\/\/association-carmen.fr\/la-caravane-des-medias\/#website"},"primaryImageOfPage":{"@id":"https:\/\/association-carmen.fr\/la-caravane-des-medias\/les-medias-participatifs-donnent-la-parole-autrement\/#primaryimage"},"image":{"@id":"https:\/\/association-carmen.fr\/la-caravane-des-medias\/les-medias-participatifs-donnent-la-parole-autrement\/#primaryimage"},"thumbnailUrl":"https:\/\/association-carmen.fr\/la-caravane-des-medias\/wp-content\/uploads\/2024\/09\/ORO7133-scaled.jpg","datePublished":"2024-09-14T06:55:41+00:00","dateModified":"2025-10-30T13:50:45+00:00","description":"La Caravane s\u2019est invit\u00e9e aux rencontres 2024 de la F\u00e9d\u00e9ration de l\u2019audiovisuel participatif, qui se tenaient \u00e0 Amiens. L'occasion de discuter de ce qu\u2019on peut attendre d\u2019un m\u00e9dia collaboratif.","breadcrumb":{"@id":"https:\/\/association-carmen.fr\/la-caravane-des-medias\/les-medias-participatifs-donnent-la-parole-autrement\/#breadcrumb"},"inLanguage":"fr-FR","potentialAction":[{"@type":"ReadAction","target":["https:\/\/association-carmen.fr\/la-caravane-des-medias\/les-medias-participatifs-donnent-la-parole-autrement\/"]}]},{"@type":"ImageObject","inLanguage":"fr-FR","@id":"https:\/\/association-carmen.fr\/la-caravane-des-medias\/les-medias-participatifs-donnent-la-parole-autrement\/#primaryimage","url":"https:\/\/association-carmen.fr\/la-caravane-des-medias\/wp-content\/uploads\/2024\/09\/ORO7133-scaled.jpg","contentUrl":"https:\/\/association-carmen.fr\/la-caravane-des-medias\/wp-content\/uploads\/2024\/09\/ORO7133-scaled.jpg","width":2560,"height":1707},{"@type":"BreadcrumbList","@id":"https:\/\/association-carmen.fr\/la-caravane-des-medias\/les-medias-participatifs-donnent-la-parole-autrement\/#breadcrumb","itemListElement":[{"@type":"ListItem","position":1,"name":"Accueil","item":"https:\/\/association-carmen.fr\/la-caravane-des-medias\/"},{"@type":"ListItem","position":2,"name":"Les m\u00e9dias participatifs donnent la parole autrement"}]},{"@type":"WebSite","@id":"https:\/\/association-carmen.fr\/la-caravane-des-medias\/#website","url":"https:\/\/association-carmen.fr\/la-caravane-des-medias\/","name":"La caravane des m\u00e9dias","description":"","publisher":{"@id":"https:\/\/association-carmen.fr\/la-caravane-des-medias\/#organization"},"potentialAction":[{"@type":"SearchAction","target":{"@type":"EntryPoint","urlTemplate":"https:\/\/association-carmen.fr\/la-caravane-des-medias\/?s={search_term_string}"},"query-input":{"@type":"PropertyValueSpecification","valueRequired":true,"valueName":"search_term_string"}}],"inLanguage":"fr-FR"},{"@type":"Organization","@id":"https:\/\/association-carmen.fr\/la-caravane-des-medias\/#organization","name":"La Caravane des M\u00e9dias - Association CARMEN","url":"https:\/\/association-carmen.fr\/la-caravane-des-medias\/","logo":{"@type":"ImageObject","inLanguage":"fr-FR","@id":"https:\/\/association-carmen.fr\/la-caravane-des-medias\/#\/schema\/logo\/image\/","url":"https:\/\/association-carmen.fr\/la-caravane-des-medias\/wp-content\/uploads\/2020\/07\/la-caravane-IMG-FOND.png","contentUrl":"https:\/\/association-carmen.fr\/la-caravane-des-medias\/wp-content\/uploads\/2020\/07\/la-caravane-IMG-FOND.png","width":1920,"height":1080,"caption":"La Caravane des M\u00e9dias - Association CARMEN"},"image":{"@id":"https:\/\/association-carmen.fr\/la-caravane-des-medias\/#\/schema\/logo\/image\/"}},{"@type":"Person","@id":"https:\/\/association-carmen.fr\/la-caravane-des-medias\/#\/schema\/person\/bb08254e2d1a9ac9c13c739c13add68e","name":"LA CARAVANE DES M\u00c9DIAS","image":{"@type":"ImageObject","inLanguage":"fr-FR","@id":"https:\/\/association-carmen.fr\/la-caravane-des-medias\/#\/schema\/person\/image\/","url":"https:\/\/secure.gravatar.com\/avatar\/970d3af93b5370d1d9115237a868874a28296529020e9fff2826691825659a9a?s=96&d=blank&r=g","contentUrl":"https:\/\/secure.gravatar.com\/avatar\/970d3af93b5370d1d9115237a868874a28296529020e9fff2826691825659a9a?s=96&d=blank&r=g","caption":"LA CARAVANE DES M\u00c9DIAS"},"url":"https:\/\/association-carmen.fr\/la-caravane-des-medias\/author\/caravmed\/"}]}},"jetpack_featured_media_url":"https:\/\/association-carmen.fr\/la-caravane-des-medias\/wp-content\/uploads\/2024\/09\/ORO7133-scaled.jpg","jetpack_sharing_enabled":false,"_links":{"self":[{"href":"https:\/\/association-carmen.fr\/la-caravane-des-medias\/wp-json\/wp\/v2\/posts\/2362","targetHints":{"allow":["GET"]}}],"collection":[{"href":"https:\/\/association-carmen.fr\/la-caravane-des-medias\/wp-json\/wp\/v2\/posts"}],"about":[{"href":"https:\/\/association-carmen.fr\/la-caravane-des-medias\/wp-json\/wp\/v2\/types\/post"}],"author":[{"embeddable":true,"href":"https:\/\/association-carmen.fr\/la-caravane-des-medias\/wp-json\/wp\/v2\/users\/1"}],"replies":[{"embeddable":true,"href":"https:\/\/association-carmen.fr\/la-caravane-des-medias\/wp-json\/wp\/v2\/comments?post=2362"}],"version-history":[{"count":7,"href":"https:\/\/association-carmen.fr\/la-caravane-des-medias\/wp-json\/wp\/v2\/posts\/2362\/revisions"}],"predecessor-version":[{"id":2739,"href":"https:\/\/association-carmen.fr\/la-caravane-des-medias\/wp-json\/wp\/v2\/posts\/2362\/revisions\/2739"}],"wp:featuredmedia":[{"embeddable":true,"href":"https:\/\/association-carmen.fr\/la-caravane-des-medias\/wp-json\/wp\/v2\/media\/2365"}],"wp:attachment":[{"href":"https:\/\/association-carmen.fr\/la-caravane-des-medias\/wp-json\/wp\/v2\/media?parent=2362"}],"wp:term":[{"taxonomy":"category","embeddable":true,"href":"https:\/\/association-carmen.fr\/la-caravane-des-medias\/wp-json\/wp\/v2\/categories?post=2362"},{"taxonomy":"post_tag","embeddable":true,"href":"https:\/\/association-carmen.fr\/la-caravane-des-medias\/wp-json\/wp\/v2\/tags?post=2362"}],"curies":[{"name":"wp","href":"https:\/\/api.w.org\/{rel}","templated":true}]}}