{"id":236,"date":"2020-07-22T19:45:56","date_gmt":"2020-07-22T17:45:56","guid":{"rendered":"http:\/\/association-carmen.fr\/la-caravane-des-medias\/?p=236"},"modified":"2020-07-23T09:39:38","modified_gmt":"2020-07-23T07:39:38","slug":"cathia-et-jade","status":"publish","type":"post","link":"https:\/\/association-carmen.fr\/la-caravane-des-medias\/cathia-et-jade\/","title":{"rendered":"Cathia et Jade"},"content":{"rendered":"\n<p>Jade, 11 ans, s&rsquo;appr\u00eate \u00e0 entrer en 4\u00e8me et r\u00eave de devenir journaliste. Elle nous a rendu visite pour discuter \u00ab\u00a0journalisme\u00a0\u00bb avec Cathia, sa maman. Nous en avons profit\u00e9 pour leur proposer quelques questions sur les m\u00e9dias. <\/p>\n\n\n\n<hr class=\"wp-block-separator\"\/>\n\n\n\n<p>Comment t&rsquo;informes-tu ?<br>&#8211; Gr\u00e2ce \u00e0 mon abonnement \u00e0 <em>Mon quotidien<\/em> que je lis tous les jours et la page d&rsquo;actualit\u00e9s de Google. <\/p>\n\n\n\n<p>Que penses-tu des m\u00e9dias ?<br>&#8211; C&rsquo;est n\u00e9cessaire parce que \u00e7a permet de transmettre des informations \u00e0 des gens qui sont loin de l&rsquo;actualit\u00e9. <\/p>\n\n\n\n<p>Qu&rsquo;attends-tu des journalistes ?<br>&#8211; Qu&rsquo;ils m&rsquo;expliquent des choses que je ne peux pas comprendre par moi-m\u00eame, qu&rsquo;ils me parlent de ce qu&rsquo;il se passe dans le monde. <\/p>\n\n\n\n<p>Quels sont les sujets qui t&rsquo;int\u00e9ressent ?<br>&#8211; L&rsquo;environnement et la sant\u00e9. <\/p>\n\n\n\n<p>\u00c0 quoi ressemble ton m\u00e9dia id\u00e9al ?<br>&#8211; Un m\u00e9dia d&rsquo;actu gratuit et accessible vraiment \u00e0 tous, m\u00eame les personnes qui vivent dans la rue. Distribu\u00e9 par exemple sur des bornes en libre-service et facilement trouvables. <\/p>\n\n\n\n<figure class=\"wp-block-image size-large\"><img loading=\"lazy\" decoding=\"async\" width=\"683\" height=\"1024\" src=\"http:\/\/association-carmen.fr\/la-caravane-des-medias\/wp-content\/uploads\/2020\/07\/20200722_CARAVANE_MEDIA__DSF2992-683x1024.jpg\" alt=\"\" class=\"wp-image-238\" srcset=\"https:\/\/association-carmen.fr\/la-caravane-des-medias\/wp-content\/uploads\/2020\/07\/20200722_CARAVANE_MEDIA__DSF2992-683x1024.jpg 683w, https:\/\/association-carmen.fr\/la-caravane-des-medias\/wp-content\/uploads\/2020\/07\/20200722_CARAVANE_MEDIA__DSF2992-200x300.jpg 200w, https:\/\/association-carmen.fr\/la-caravane-des-medias\/wp-content\/uploads\/2020\/07\/20200722_CARAVANE_MEDIA__DSF2992-768x1152.jpg 768w, https:\/\/association-carmen.fr\/la-caravane-des-medias\/wp-content\/uploads\/2020\/07\/20200722_CARAVANE_MEDIA__DSF2992-1024x1536.jpg 1024w, https:\/\/association-carmen.fr\/la-caravane-des-medias\/wp-content\/uploads\/2020\/07\/20200722_CARAVANE_MEDIA__DSF2992.jpg 1365w\" sizes=\"auto, (max-width: 683px) 100vw, 683px\" \/><figcaption>Cathia, maman d&rsquo;une future journaliste \u00a9 Simon Lambert<\/figcaption><\/figure>\n\n\n\n<p>Comment vous informez-vous ?<br>&#8211; Via des m\u00e9dias num\u00e9riques essentiellement. Via Facebook ou les alertes Yahoo informations. J&rsquo;\u00e9tais aussi abonn\u00e9e au <em>Monde<\/em> et au <em>Point<\/em> mais plus maintenant car j&rsquo;arrive \u00e0 avoir diff\u00e9rentes sources. Quand je suis abonn\u00e9e, j&rsquo;ai tendance \u00e0 ne plus lire que \u00e7a. <\/p>\n\n\n\n<p>Que pensez-vous des m\u00e9dias ?<br>&#8211; Je suis archi-contre la t\u00e9l\u00e9. Je refuse que les enfants la regardent. Ils diffusent des images sans explications et \u00e7a devient un encha\u00eenement de nouvelles sans approfondissements. <\/p>\n\n\n\n<p>Qu&rsquo;attendez-vous des journalistes ?<br>&#8211; J\u2019aimerais qu&rsquo;il y ait moins de subjectivit\u00e9. Que les journalistes exposent diff\u00e9rents points de vue, diff\u00e9rents du leur. <\/p>\n\n\n\n<p>Quels sont les sujets qui vous int\u00e9ressent ?<br>&#8211; Les groupes d&rsquo;actualit\u00e9s, les articles locaux, la politique, les changements de loi&#8230;<\/p>\n\n\n\n<p>Quel est votre m\u00e9dia r\u00eav\u00e9 ?<br>&#8211; Un m\u00e9dia qui permette des relations avec les journalistes si on a des questions \u00e0 \u00e9claircir sur le sujet &#8211; sur le web &#8211; et qui assure une richesse des propos et des points de vue. <\/p>\n\n\n\n<hr class=\"wp-block-separator\"\/>\n\n\n\n<p class=\"has-text-align-right\"><em>La suite avec une mosa\u00efque d&rsquo;id\u00e9es sur \u00ab\u00a0le m\u00e9dia id\u00e9al\u00a0\u00bb<br>Cl\u00e9mence Leleu et Simon Lambert<\/em><\/p>\n","protected":false},"excerpt":{"rendered":"<p>Jade, 11 ans, s&rsquo;appr\u00eate \u00e0 entrer en 4\u00e8me et r\u00eave de devenir journaliste. Elle nous a rendu visite pour discuter \u00ab\u00a0journalisme\u00a0\u00bb avec Cathia, sa maman. Nous en avons profit\u00e9 pour leur proposer quelques questions sur les m\u00e9dias. Comment t&rsquo;informes-tu ?&#8211; Gr\u00e2ce \u00e0 mon abonnement \u00e0 Mon quotidien que je lis tous les jours et la [&hellip;]<\/p>\n","protected":false},"author":1,"featured_media":237,"comment_status":"open","ping_status":"open","sticky":false,"template":"","format":"standard","meta":{"_jetpack_memberships_contains_paid_content":false,"footnotes":""},"categories":[7],"tags":[],"class_list":["post-236","post","type-post","status-publish","format-standard","has-post-thumbnail","hentry","category-vexin-thelle"],"yoast_head":"<!-- This site is optimized with the Yoast SEO plugin v25.6 - https:\/\/yoast.com\/wordpress\/plugins\/seo\/ -->\n<title>Cathia et Jade - La caravane des m\u00e9dias<\/title>\n<meta name=\"robots\" content=\"index, follow, max-snippet:-1, max-image-preview:large, max-video-preview:-1\" \/>\n<link rel=\"canonical\" href=\"https:\/\/association-carmen.fr\/la-caravane-des-medias\/cathia-et-jade\/\" \/>\n<meta property=\"og:locale\" content=\"fr_FR\" \/>\n<meta property=\"og:type\" content=\"article\" \/>\n<meta property=\"og:title\" content=\"Cathia et Jade - La caravane des m\u00e9dias\" \/>\n<meta property=\"og:description\" content=\"Jade, 11 ans, s&rsquo;appr\u00eate \u00e0 entrer en 4\u00e8me et r\u00eave de devenir journaliste. Elle nous a rendu visite pour discuter \u00ab\u00a0journalisme\u00a0\u00bb avec Cathia, sa maman. Nous en avons profit\u00e9 pour leur proposer quelques questions sur les m\u00e9dias. Comment t&rsquo;informes-tu ?&#8211; Gr\u00e2ce \u00e0 mon abonnement \u00e0 Mon quotidien que je lis tous les jours et la [&hellip;]\" \/>\n<meta property=\"og:url\" content=\"https:\/\/association-carmen.fr\/la-caravane-des-medias\/cathia-et-jade\/\" \/>\n<meta property=\"og:site_name\" content=\"La caravane des m\u00e9dias\" \/>\n<meta property=\"article:published_time\" content=\"2020-07-22T17:45:56+00:00\" \/>\n<meta property=\"article:modified_time\" content=\"2020-07-23T07:39:38+00:00\" \/>\n<meta property=\"og:image\" content=\"https:\/\/association-carmen.fr\/la-caravane-des-medias\/wp-content\/uploads\/2020\/07\/20200722_CARAVANE_MEDIA__DSF2971.jpg\" \/>\n\t<meta property=\"og:image:width\" content=\"1365\" \/>\n\t<meta property=\"og:image:height\" content=\"2048\" \/>\n\t<meta property=\"og:image:type\" content=\"image\/jpeg\" \/>\n<meta name=\"author\" content=\"LA CARAVANE DES M\u00c9DIAS\" \/>\n<meta name=\"twitter:card\" content=\"summary_large_image\" \/>\n<meta name=\"twitter:label1\" content=\"\u00c9crit par\" \/>\n\t<meta name=\"twitter:data1\" content=\"LA CARAVANE DES M\u00c9DIAS\" \/>\n\t<meta name=\"twitter:label2\" content=\"Dur\u00e9e de lecture estim\u00e9e\" \/>\n\t<meta name=\"twitter:data2\" content=\"2 minutes\" \/>\n<script type=\"application\/ld+json\" class=\"yoast-schema-graph\">{\"@context\":\"https:\/\/schema.org\",\"@graph\":[{\"@type\":\"Article\",\"@id\":\"https:\/\/association-carmen.fr\/la-caravane-des-medias\/cathia-et-jade\/#article\",\"isPartOf\":{\"@id\":\"https:\/\/association-carmen.fr\/la-caravane-des-medias\/cathia-et-jade\/\"},\"author\":{\"name\":\"LA CARAVANE DES M\u00c9DIAS\",\"@id\":\"https:\/\/association-carmen.fr\/la-caravane-des-medias\/#\/schema\/person\/bb08254e2d1a9ac9c13c739c13add68e\"},\"headline\":\"Cathia et Jade\",\"datePublished\":\"2020-07-22T17:45:56+00:00\",\"dateModified\":\"2020-07-23T07:39:38+00:00\",\"mainEntityOfPage\":{\"@id\":\"https:\/\/association-carmen.fr\/la-caravane-des-medias\/cathia-et-jade\/\"},\"wordCount\":386,\"commentCount\":0,\"publisher\":{\"@id\":\"https:\/\/association-carmen.fr\/la-caravane-des-medias\/#organization\"},\"image\":{\"@id\":\"https:\/\/association-carmen.fr\/la-caravane-des-medias\/cathia-et-jade\/#primaryimage\"},\"thumbnailUrl\":\"https:\/\/association-carmen.fr\/la-caravane-des-medias\/wp-content\/uploads\/2020\/07\/20200722_CARAVANE_MEDIA__DSF2971.jpg\",\"articleSection\":[\"Vexin-Thelle (60)\"],\"inLanguage\":\"fr-FR\",\"potentialAction\":[{\"@type\":\"CommentAction\",\"name\":\"Comment\",\"target\":[\"https:\/\/association-carmen.fr\/la-caravane-des-medias\/cathia-et-jade\/#respond\"]}]},{\"@type\":\"WebPage\",\"@id\":\"https:\/\/association-carmen.fr\/la-caravane-des-medias\/cathia-et-jade\/\",\"url\":\"https:\/\/association-carmen.fr\/la-caravane-des-medias\/cathia-et-jade\/\",\"name\":\"Cathia et Jade - La caravane des m\u00e9dias\",\"isPartOf\":{\"@id\":\"https:\/\/association-carmen.fr\/la-caravane-des-medias\/#website\"},\"primaryImageOfPage\":{\"@id\":\"https:\/\/association-carmen.fr\/la-caravane-des-medias\/cathia-et-jade\/#primaryimage\"},\"image\":{\"@id\":\"https:\/\/association-carmen.fr\/la-caravane-des-medias\/cathia-et-jade\/#primaryimage\"},\"thumbnailUrl\":\"https:\/\/association-carmen.fr\/la-caravane-des-medias\/wp-content\/uploads\/2020\/07\/20200722_CARAVANE_MEDIA__DSF2971.jpg\",\"datePublished\":\"2020-07-22T17:45:56+00:00\",\"dateModified\":\"2020-07-23T07:39:38+00:00\",\"breadcrumb\":{\"@id\":\"https:\/\/association-carmen.fr\/la-caravane-des-medias\/cathia-et-jade\/#breadcrumb\"},\"inLanguage\":\"fr-FR\",\"potentialAction\":[{\"@type\":\"ReadAction\",\"target\":[\"https:\/\/association-carmen.fr\/la-caravane-des-medias\/cathia-et-jade\/\"]}]},{\"@type\":\"ImageObject\",\"inLanguage\":\"fr-FR\",\"@id\":\"https:\/\/association-carmen.fr\/la-caravane-des-medias\/cathia-et-jade\/#primaryimage\",\"url\":\"https:\/\/association-carmen.fr\/la-caravane-des-medias\/wp-content\/uploads\/2020\/07\/20200722_CARAVANE_MEDIA__DSF2971.jpg\",\"contentUrl\":\"https:\/\/association-carmen.fr\/la-caravane-des-medias\/wp-content\/uploads\/2020\/07\/20200722_CARAVANE_MEDIA__DSF2971.jpg\",\"width\":1365,\"height\":2048,\"caption\":\"Jade, future journaliste \u00a9 Simon Lambert\"},{\"@type\":\"BreadcrumbList\",\"@id\":\"https:\/\/association-carmen.fr\/la-caravane-des-medias\/cathia-et-jade\/#breadcrumb\",\"itemListElement\":[{\"@type\":\"ListItem\",\"position\":1,\"name\":\"Accueil\",\"item\":\"https:\/\/association-carmen.fr\/la-caravane-des-medias\/\"},{\"@type\":\"ListItem\",\"position\":2,\"name\":\"Cathia et Jade\"}]},{\"@type\":\"WebSite\",\"@id\":\"https:\/\/association-carmen.fr\/la-caravane-des-medias\/#website\",\"url\":\"https:\/\/association-carmen.fr\/la-caravane-des-medias\/\",\"name\":\"La caravane des m\u00e9dias\",\"description\":\"\",\"publisher\":{\"@id\":\"https:\/\/association-carmen.fr\/la-caravane-des-medias\/#organization\"},\"potentialAction\":[{\"@type\":\"SearchAction\",\"target\":{\"@type\":\"EntryPoint\",\"urlTemplate\":\"https:\/\/association-carmen.fr\/la-caravane-des-medias\/?s={search_term_string}\"},\"query-input\":{\"@type\":\"PropertyValueSpecification\",\"valueRequired\":true,\"valueName\":\"search_term_string\"}}],\"inLanguage\":\"fr-FR\"},{\"@type\":\"Organization\",\"@id\":\"https:\/\/association-carmen.fr\/la-caravane-des-medias\/#organization\",\"name\":\"La Caravane des M\u00e9dias - Association CARMEN\",\"url\":\"https:\/\/association-carmen.fr\/la-caravane-des-medias\/\",\"logo\":{\"@type\":\"ImageObject\",\"inLanguage\":\"fr-FR\",\"@id\":\"https:\/\/association-carmen.fr\/la-caravane-des-medias\/#\/schema\/logo\/image\/\",\"url\":\"https:\/\/association-carmen.fr\/la-caravane-des-medias\/wp-content\/uploads\/2020\/07\/la-caravane-IMG-FOND.png\",\"contentUrl\":\"https:\/\/association-carmen.fr\/la-caravane-des-medias\/wp-content\/uploads\/2020\/07\/la-caravane-IMG-FOND.png\",\"width\":1920,\"height\":1080,\"caption\":\"La Caravane des M\u00e9dias - Association CARMEN\"},\"image\":{\"@id\":\"https:\/\/association-carmen.fr\/la-caravane-des-medias\/#\/schema\/logo\/image\/\"}},{\"@type\":\"Person\",\"@id\":\"https:\/\/association-carmen.fr\/la-caravane-des-medias\/#\/schema\/person\/bb08254e2d1a9ac9c13c739c13add68e\",\"name\":\"LA CARAVANE DES M\u00c9DIAS\",\"image\":{\"@type\":\"ImageObject\",\"inLanguage\":\"fr-FR\",\"@id\":\"https:\/\/association-carmen.fr\/la-caravane-des-medias\/#\/schema\/person\/image\/\",\"url\":\"https:\/\/secure.gravatar.com\/avatar\/970d3af93b5370d1d9115237a868874a28296529020e9fff2826691825659a9a?s=96&d=blank&r=g\",\"contentUrl\":\"https:\/\/secure.gravatar.com\/avatar\/970d3af93b5370d1d9115237a868874a28296529020e9fff2826691825659a9a?s=96&d=blank&r=g\",\"caption\":\"LA CARAVANE DES M\u00c9DIAS\"},\"url\":\"https:\/\/association-carmen.fr\/la-caravane-des-medias\/author\/caravmed\/\"}]}<\/script>\n<!-- \/ Yoast SEO plugin. -->","yoast_head_json":{"title":"Cathia et Jade - La caravane des m\u00e9dias","robots":{"index":"index","follow":"follow","max-snippet":"max-snippet:-1","max-image-preview":"max-image-preview:large","max-video-preview":"max-video-preview:-1"},"canonical":"https:\/\/association-carmen.fr\/la-caravane-des-medias\/cathia-et-jade\/","og_locale":"fr_FR","og_type":"article","og_title":"Cathia et Jade - La caravane des m\u00e9dias","og_description":"Jade, 11 ans, s&rsquo;appr\u00eate \u00e0 entrer en 4\u00e8me et r\u00eave de devenir journaliste. Elle nous a rendu visite pour discuter \u00ab\u00a0journalisme\u00a0\u00bb avec Cathia, sa maman. Nous en avons profit\u00e9 pour leur proposer quelques questions sur les m\u00e9dias. Comment t&rsquo;informes-tu ?&#8211; Gr\u00e2ce \u00e0 mon abonnement \u00e0 Mon quotidien que je lis tous les jours et la [&hellip;]","og_url":"https:\/\/association-carmen.fr\/la-caravane-des-medias\/cathia-et-jade\/","og_site_name":"La caravane des m\u00e9dias","article_published_time":"2020-07-22T17:45:56+00:00","article_modified_time":"2020-07-23T07:39:38+00:00","og_image":[{"width":1365,"height":2048,"url":"https:\/\/association-carmen.fr\/la-caravane-des-medias\/wp-content\/uploads\/2020\/07\/20200722_CARAVANE_MEDIA__DSF2971.jpg","type":"image\/jpeg"}],"author":"LA CARAVANE DES M\u00c9DIAS","twitter_card":"summary_large_image","twitter_misc":{"\u00c9crit par":"LA CARAVANE DES M\u00c9DIAS","Dur\u00e9e de lecture estim\u00e9e":"2 minutes"},"schema":{"@context":"https:\/\/schema.org","@graph":[{"@type":"Article","@id":"https:\/\/association-carmen.fr\/la-caravane-des-medias\/cathia-et-jade\/#article","isPartOf":{"@id":"https:\/\/association-carmen.fr\/la-caravane-des-medias\/cathia-et-jade\/"},"author":{"name":"LA CARAVANE DES M\u00c9DIAS","@id":"https:\/\/association-carmen.fr\/la-caravane-des-medias\/#\/schema\/person\/bb08254e2d1a9ac9c13c739c13add68e"},"headline":"Cathia et Jade","datePublished":"2020-07-22T17:45:56+00:00","dateModified":"2020-07-23T07:39:38+00:00","mainEntityOfPage":{"@id":"https:\/\/association-carmen.fr\/la-caravane-des-medias\/cathia-et-jade\/"},"wordCount":386,"commentCount":0,"publisher":{"@id":"https:\/\/association-carmen.fr\/la-caravane-des-medias\/#organization"},"image":{"@id":"https:\/\/association-carmen.fr\/la-caravane-des-medias\/cathia-et-jade\/#primaryimage"},"thumbnailUrl":"https:\/\/association-carmen.fr\/la-caravane-des-medias\/wp-content\/uploads\/2020\/07\/20200722_CARAVANE_MEDIA__DSF2971.jpg","articleSection":["Vexin-Thelle (60)"],"inLanguage":"fr-FR","potentialAction":[{"@type":"CommentAction","name":"Comment","target":["https:\/\/association-carmen.fr\/la-caravane-des-medias\/cathia-et-jade\/#respond"]}]},{"@type":"WebPage","@id":"https:\/\/association-carmen.fr\/la-caravane-des-medias\/cathia-et-jade\/","url":"https:\/\/association-carmen.fr\/la-caravane-des-medias\/cathia-et-jade\/","name":"Cathia et Jade - La caravane des m\u00e9dias","isPartOf":{"@id":"https:\/\/association-carmen.fr\/la-caravane-des-medias\/#website"},"primaryImageOfPage":{"@id":"https:\/\/association-carmen.fr\/la-caravane-des-medias\/cathia-et-jade\/#primaryimage"},"image":{"@id":"https:\/\/association-carmen.fr\/la-caravane-des-medias\/cathia-et-jade\/#primaryimage"},"thumbnailUrl":"https:\/\/association-carmen.fr\/la-caravane-des-medias\/wp-content\/uploads\/2020\/07\/20200722_CARAVANE_MEDIA__DSF2971.jpg","datePublished":"2020-07-22T17:45:56+00:00","dateModified":"2020-07-23T07:39:38+00:00","breadcrumb":{"@id":"https:\/\/association-carmen.fr\/la-caravane-des-medias\/cathia-et-jade\/#breadcrumb"},"inLanguage":"fr-FR","potentialAction":[{"@type":"ReadAction","target":["https:\/\/association-carmen.fr\/la-caravane-des-medias\/cathia-et-jade\/"]}]},{"@type":"ImageObject","inLanguage":"fr-FR","@id":"https:\/\/association-carmen.fr\/la-caravane-des-medias\/cathia-et-jade\/#primaryimage","url":"https:\/\/association-carmen.fr\/la-caravane-des-medias\/wp-content\/uploads\/2020\/07\/20200722_CARAVANE_MEDIA__DSF2971.jpg","contentUrl":"https:\/\/association-carmen.fr\/la-caravane-des-medias\/wp-content\/uploads\/2020\/07\/20200722_CARAVANE_MEDIA__DSF2971.jpg","width":1365,"height":2048,"caption":"Jade, future journaliste \u00a9 Simon Lambert"},{"@type":"BreadcrumbList","@id":"https:\/\/association-carmen.fr\/la-caravane-des-medias\/cathia-et-jade\/#breadcrumb","itemListElement":[{"@type":"ListItem","position":1,"name":"Accueil","item":"https:\/\/association-carmen.fr\/la-caravane-des-medias\/"},{"@type":"ListItem","position":2,"name":"Cathia et Jade"}]},{"@type":"WebSite","@id":"https:\/\/association-carmen.fr\/la-caravane-des-medias\/#website","url":"https:\/\/association-carmen.fr\/la-caravane-des-medias\/","name":"La caravane des m\u00e9dias","description":"","publisher":{"@id":"https:\/\/association-carmen.fr\/la-caravane-des-medias\/#organization"},"potentialAction":[{"@type":"SearchAction","target":{"@type":"EntryPoint","urlTemplate":"https:\/\/association-carmen.fr\/la-caravane-des-medias\/?s={search_term_string}"},"query-input":{"@type":"PropertyValueSpecification","valueRequired":true,"valueName":"search_term_string"}}],"inLanguage":"fr-FR"},{"@type":"Organization","@id":"https:\/\/association-carmen.fr\/la-caravane-des-medias\/#organization","name":"La Caravane des M\u00e9dias - Association CARMEN","url":"https:\/\/association-carmen.fr\/la-caravane-des-medias\/","logo":{"@type":"ImageObject","inLanguage":"fr-FR","@id":"https:\/\/association-carmen.fr\/la-caravane-des-medias\/#\/schema\/logo\/image\/","url":"https:\/\/association-carmen.fr\/la-caravane-des-medias\/wp-content\/uploads\/2020\/07\/la-caravane-IMG-FOND.png","contentUrl":"https:\/\/association-carmen.fr\/la-caravane-des-medias\/wp-content\/uploads\/2020\/07\/la-caravane-IMG-FOND.png","width":1920,"height":1080,"caption":"La Caravane des M\u00e9dias - Association CARMEN"},"image":{"@id":"https:\/\/association-carmen.fr\/la-caravane-des-medias\/#\/schema\/logo\/image\/"}},{"@type":"Person","@id":"https:\/\/association-carmen.fr\/la-caravane-des-medias\/#\/schema\/person\/bb08254e2d1a9ac9c13c739c13add68e","name":"LA CARAVANE DES M\u00c9DIAS","image":{"@type":"ImageObject","inLanguage":"fr-FR","@id":"https:\/\/association-carmen.fr\/la-caravane-des-medias\/#\/schema\/person\/image\/","url":"https:\/\/secure.gravatar.com\/avatar\/970d3af93b5370d1d9115237a868874a28296529020e9fff2826691825659a9a?s=96&d=blank&r=g","contentUrl":"https:\/\/secure.gravatar.com\/avatar\/970d3af93b5370d1d9115237a868874a28296529020e9fff2826691825659a9a?s=96&d=blank&r=g","caption":"LA CARAVANE DES M\u00c9DIAS"},"url":"https:\/\/association-carmen.fr\/la-caravane-des-medias\/author\/caravmed\/"}]}},"jetpack_featured_media_url":"https:\/\/association-carmen.fr\/la-caravane-des-medias\/wp-content\/uploads\/2020\/07\/20200722_CARAVANE_MEDIA__DSF2971.jpg","jetpack_sharing_enabled":true,"_links":{"self":[{"href":"https:\/\/association-carmen.fr\/la-caravane-des-medias\/wp-json\/wp\/v2\/posts\/236","targetHints":{"allow":["GET"]}}],"collection":[{"href":"https:\/\/association-carmen.fr\/la-caravane-des-medias\/wp-json\/wp\/v2\/posts"}],"about":[{"href":"https:\/\/association-carmen.fr\/la-caravane-des-medias\/wp-json\/wp\/v2\/types\/post"}],"author":[{"embeddable":true,"href":"https:\/\/association-carmen.fr\/la-caravane-des-medias\/wp-json\/wp\/v2\/users\/1"}],"replies":[{"embeddable":true,"href":"https:\/\/association-carmen.fr\/la-caravane-des-medias\/wp-json\/wp\/v2\/comments?post=236"}],"version-history":[{"count":3,"href":"https:\/\/association-carmen.fr\/la-caravane-des-medias\/wp-json\/wp\/v2\/posts\/236\/revisions"}],"predecessor-version":[{"id":244,"href":"https:\/\/association-carmen.fr\/la-caravane-des-medias\/wp-json\/wp\/v2\/posts\/236\/revisions\/244"}],"wp:featuredmedia":[{"embeddable":true,"href":"https:\/\/association-carmen.fr\/la-caravane-des-medias\/wp-json\/wp\/v2\/media\/237"}],"wp:attachment":[{"href":"https:\/\/association-carmen.fr\/la-caravane-des-medias\/wp-json\/wp\/v2\/media?parent=236"}],"wp:term":[{"taxonomy":"category","embeddable":true,"href":"https:\/\/association-carmen.fr\/la-caravane-des-medias\/wp-json\/wp\/v2\/categories?post=236"},{"taxonomy":"post_tag","embeddable":true,"href":"https:\/\/association-carmen.fr\/la-caravane-des-medias\/wp-json\/wp\/v2\/tags?post=236"}],"curies":[{"name":"wp","href":"https:\/\/api.w.org\/{rel}","templated":true}]}}