{"id":2309,"date":"2024-09-12T16:55:51","date_gmt":"2024-09-12T14:55:51","guid":{"rendered":"http:\/\/association-carmen.fr\/la-caravane-des-medias\/?p=2309"},"modified":"2025-10-30T14:52:13","modified_gmt":"2025-10-30T13:52:13","slug":"avant-tu-avais-honte-daller-prendre-un-panier-alimentaire-maintenant-ca-concerne-tellement-de-monde","status":"publish","type":"post","link":"https:\/\/association-carmen.fr\/la-caravane-des-medias\/avant-tu-avais-honte-daller-prendre-un-panier-alimentaire-maintenant-ca-concerne-tellement-de-monde\/","title":{"rendered":"\u00ab Avant tu avais honte d\u2019aller prendre un panier alimentaire, maintenant \u00e7a concerne tellement de monde\u2026 \u00bb"},"content":{"rendered":"\n<p>En bas d\u2019un des immeubles d\u2019\u00c9touvie qui regardent la Somme, une brochette de b\u00e9n\u00e9voles nous attend au local de <a href=\"https:\/\/www.facebook.com\/Initielles\/?locale=fr_FR\">l\u2019association Initi\u2019elles<\/a>. Depuis 32 ans, cette petite association accueille des femmes du quartier afin de favoriser les \u00e9changes et propose diff\u00e9rentes activit\u00e9s : cours de cuisine, couture, bricolage, informatique, cuisine, FLE, accompagnement \u00e0 la scolarit\u00e9. Tout est pr\u00e9texte \u00e0 la rencontre et surtout \u00e0 sortir de chez soi. Cet apr\u00e8s-midi, on les retrouve pour causer de leur nouveau grand projet : la cr\u00e9ation d\u2019une coop\u00e9rative alimentaire.&nbsp;<\/p>\n\n\n\n<blockquote class=\"wp-block-quote is-style-large is-layout-flow wp-block-quote-is-layout-flow\">\n<p>\u00ab <em>Bient\u00f4t il va falloir vendre un rein avant d&rsquo;aller au supermarch\u00e9 \u00bb<\/em><\/p>\n<cite>Katty<\/cite><\/blockquote>\n\n\n\n<p>C\u2019est Laure, la charg\u00e9e de projet pour Initi&rsquo;ielles et l\u2019association De la Graine \u00e0 l\u2019Assiette qui donne les d\u00e9tails. Elles veulent cr\u00e9er un magasin coop\u00e9ratif avec une cuisine pour faire des ateliers culinaires et un restaurant pour transformer le surplus \u00ab <em>parce qu&rsquo;il manque des endroits o\u00f9 se retrouver <\/em>\u00bb. Laure, qui a \u00e9norm\u00e9ment travaill\u00e9 sur les probl\u00e9matiques de l\u2019alimentation, du mieux manger et de \u00ab <em>l\u2019appropriation par tout un chacun de son acte alimentaire<\/em> \u00bb s&rsquo;est impliqu\u00e9e sur ce projet par conviction. <\/p>\n\n\n\n<p>\u00ab <em>C\u2019est chouette de mettre en place des fa\u00e7ons alternatives et durables de consommer. Mais je me suis rendu compte que souvent qu\u2019il n\u2019y avait pas de mixit\u00e9 sociale et que les plus pr\u00e9caires ne pouvaient pas en profiter. Il faut aller l\u00e0 o\u00f9 il y a besoin <\/em>\u00bb, sugg\u00e8re-t-elle. \u00c0 Etouvie, le taux de bas revenus est de 77 % (40 points sup\u00e9rieurs \u00e0 celui de la ville) ce qui en fait un des quartiers les plus pauvres d\u2019Amiens. \u00ab <em>Et ici, il n&rsquo;y a plus de commerces de nourriture et donc plus d\u2019aliments de qualit\u00e9<\/em> \u00bb ajoute-elle.&nbsp;<\/p>\n\n\n\n<figure class=\"wp-block-gallery aligncenter has-nested-images columns-default is-cropped wp-block-gallery-1 is-layout-flex wp-block-gallery-is-layout-flex\">\n<figure class=\"wp-block-image size-large\"><img loading=\"lazy\" decoding=\"async\" width=\"683\" height=\"1024\" data-id=\"2281\" src=\"https:\/\/association-carmen.fr\/la-caravane-des-medias\/wp-content\/uploads\/2024\/09\/ORO6892-683x1024.jpg\" alt=\"\" class=\"wp-image-2281\" srcset=\"https:\/\/association-carmen.fr\/la-caravane-des-medias\/wp-content\/uploads\/2024\/09\/ORO6892-683x1024.jpg 683w, https:\/\/association-carmen.fr\/la-caravane-des-medias\/wp-content\/uploads\/2024\/09\/ORO6892-200x300.jpg 200w, https:\/\/association-carmen.fr\/la-caravane-des-medias\/wp-content\/uploads\/2024\/09\/ORO6892-768x1152.jpg 768w, https:\/\/association-carmen.fr\/la-caravane-des-medias\/wp-content\/uploads\/2024\/09\/ORO6892-1024x1536.jpg 1024w, https:\/\/association-carmen.fr\/la-caravane-des-medias\/wp-content\/uploads\/2024\/09\/ORO6892-1365x2048.jpg 1365w, https:\/\/association-carmen.fr\/la-caravane-des-medias\/wp-content\/uploads\/2024\/09\/ORO6892-1200x1800.jpg 1200w, https:\/\/association-carmen.fr\/la-caravane-des-medias\/wp-content\/uploads\/2024\/09\/ORO6892-1980x2970.jpg 1980w, https:\/\/association-carmen.fr\/la-caravane-des-medias\/wp-content\/uploads\/2024\/09\/ORO6892-scaled.jpg 1707w\" sizes=\"auto, (max-width: 683px) 100vw, 683px\" \/><\/figure>\n\n\n\n<figure class=\"wp-block-image size-large\"><img loading=\"lazy\" decoding=\"async\" width=\"683\" height=\"1024\" data-id=\"2280\" src=\"https:\/\/association-carmen.fr\/la-caravane-des-medias\/wp-content\/uploads\/2024\/09\/ORO6926-683x1024.jpg\" alt=\"\" class=\"wp-image-2280\" srcset=\"https:\/\/association-carmen.fr\/la-caravane-des-medias\/wp-content\/uploads\/2024\/09\/ORO6926-683x1024.jpg 683w, https:\/\/association-carmen.fr\/la-caravane-des-medias\/wp-content\/uploads\/2024\/09\/ORO6926-200x300.jpg 200w, https:\/\/association-carmen.fr\/la-caravane-des-medias\/wp-content\/uploads\/2024\/09\/ORO6926-768x1152.jpg 768w, https:\/\/association-carmen.fr\/la-caravane-des-medias\/wp-content\/uploads\/2024\/09\/ORO6926-1024x1536.jpg 1024w, https:\/\/association-carmen.fr\/la-caravane-des-medias\/wp-content\/uploads\/2024\/09\/ORO6926-1365x2048.jpg 1365w, https:\/\/association-carmen.fr\/la-caravane-des-medias\/wp-content\/uploads\/2024\/09\/ORO6926-1200x1800.jpg 1200w, https:\/\/association-carmen.fr\/la-caravane-des-medias\/wp-content\/uploads\/2024\/09\/ORO6926-1980x2970.jpg 1980w, https:\/\/association-carmen.fr\/la-caravane-des-medias\/wp-content\/uploads\/2024\/09\/ORO6926-scaled.jpg 1707w\" sizes=\"auto, (max-width: 683px) 100vw, 683px\" \/><\/figure>\n<\/figure>\n\n\n\n<p>\u00ab <em>Bient\u00f4t il va falloir vendre un rein avant d&rsquo;aller au supermarch\u00e9 \u00bb, <\/em>balance Katty, l&rsquo;une des b\u00e9n\u00e9voles tr\u00e8s motiv\u00e9e \u00e0 l&rsquo;id\u00e9e de cette coop\u00e9rative. La m\u00e8re c\u00e9libataire d&rsquo;un jeune adulte nous raconte \u00e0 quel point il est difficile de joindre les deux bouts : \u00ab <em>Je fais \u00e0 manger \u00e0 mon fils et je mange ce que je peux.<\/em> \u00bb Elle nous d\u00e9taille ses dilemmes au supermarch\u00e9 avec une m\u00e9moire d&rsquo;\u00e9l\u00e9phant concernant les prix qui flambent. Elle conna\u00eet au centime pr\u00e8s tous ceux des produits dont elle voudrait se faire un petit plaisir mais qu&rsquo;elle ne peut pas se permettre d&rsquo;acheter : des poivrons \u00e0 1,99 \u20ac ou de la viande \u00e0 7,18 \u20ac.&nbsp;<\/p>\n\n\n\n<p>Pour Warkiya, maman c\u00e9libataire de trois enfants, c&rsquo;est pareil. Entre les l\u00e9gumes qui co\u00fbtent cher et la gestion de la maison, elle se d\u00e9sesp\u00e8re de s&rsquo;\u00eatre mise aux plats transform\u00e9s : \u00ab <em>Le pire, c&rsquo;est les go\u00fbters pour l&rsquo;\u00e9cole. J\u2019ai essay\u00e9 de leur faire des g\u00e2teaux, mais il leur faut toujours la m\u00eame chose que tout le monde, les Kinder, les Pom\u2019potes<\/em>. <em>\u00c7a co\u00fbte un bras.<\/em> \u00bb<\/p>\n\n\n\n<figure class=\"wp-block-image size-large\"><img loading=\"lazy\" decoding=\"async\" width=\"1024\" height=\"683\" src=\"http:\/\/association-carmen.fr\/la-caravane-des-medias\/wp-content\/uploads\/2024\/09\/ORO6912-1024x683.jpg\" alt=\"\" class=\"wp-image-2283\" srcset=\"https:\/\/association-carmen.fr\/la-caravane-des-medias\/wp-content\/uploads\/2024\/09\/ORO6912-1024x683.jpg 1024w, https:\/\/association-carmen.fr\/la-caravane-des-medias\/wp-content\/uploads\/2024\/09\/ORO6912-300x200.jpg 300w, https:\/\/association-carmen.fr\/la-caravane-des-medias\/wp-content\/uploads\/2024\/09\/ORO6912-768x512.jpg 768w, https:\/\/association-carmen.fr\/la-caravane-des-medias\/wp-content\/uploads\/2024\/09\/ORO6912-1536x1024.jpg 1536w, https:\/\/association-carmen.fr\/la-caravane-des-medias\/wp-content\/uploads\/2024\/09\/ORO6912-2048x1365.jpg 2048w, https:\/\/association-carmen.fr\/la-caravane-des-medias\/wp-content\/uploads\/2024\/09\/ORO6912-1200x800.jpg 1200w, https:\/\/association-carmen.fr\/la-caravane-des-medias\/wp-content\/uploads\/2024\/09\/ORO6912-1980x1320.jpg 1980w\" sizes=\"auto, (max-width: 1024px) 100vw, 1024px\" \/><\/figure>\n\n\n\n<p>Est-ce que les m\u00e9dias parlent suffisamment de la pr\u00e9carit\u00e9 alimentaire ? La question suscite un peu de d\u00e9bat dans la salle. Warkiya estime qu\u2019il y a certes des reportages, mais sans qu\u2019on en parle comme de la catastrophe que c\u2019est pour des millions de fran\u00e7ais\u00b7es. Katty, elle, est plus mesur\u00e9e. Elle \u00e9coute l&rsquo;\u00e9dition locale de NRJ qui selon elle laisse la parole aux associations qui expliquent leurs initiatives concernant l&rsquo;alimentation : \u00ab <em>Avant tu avais honte d\u2019aller prendre un panier alimentaire, maintenant \u00e7a concerne tellement de monde.<\/em> \u00bb&nbsp;<\/p>\n\n\n\n<blockquote class=\"wp-block-quote is-style-large is-layout-flow wp-block-quote-is-layout-flow\">\n<p>\u00ab<em> Aujourd&rsquo;hui, on mange en pensant \u00e0 son porte-monnaie, c&rsquo;est triste<\/em>. \u00bb<\/p>\n<cite>Fatima<\/cite><\/blockquote>\n\n\n\n<p>Avec Initi&rsquo;elles, elles avancent \u00e0 toute vitesse sur le projet : elles ont r\u00e9cup\u00e9r\u00e9 un local de 250 m2 dans le b\u00e2timent des Coursives, o\u00f9 le centre commercial a p\u00e9riclit\u00e9 depuis longtemps. Fatima, \u00e9tudiante en BTS di\u00e9t\u00e9tique a rejoint l&rsquo;aventure r\u00e9cemment. Elle r\u00e9fl\u00e9chit aux meilleurs produits sur les plans \u00e9conomiques et nutritifs, et comment cuisiner en moins de temps, pour \u00e9conomiser de l\u2019\u00e9nergie. Son envie, c\u2019est que chacun retrouve le plaisir de manger : \u00ab<em> Aujourd&rsquo;hui, on mange en pensant \u00e0 son porte-monnaie, c&rsquo;est triste<\/em>.<em> Il faut retrouver le sourire de la cuisine : c\u2019est le m\u00e9lange, les discussions en famille, la f\u00eate<\/em> \u00bb. <\/p>\n\n\n\n<figure class=\"wp-block-gallery has-nested-images columns-default is-cropped wp-block-gallery-2 is-layout-flex wp-block-gallery-is-layout-flex\">\n<figure class=\"wp-block-image size-large\"><img loading=\"lazy\" decoding=\"async\" width=\"683\" height=\"1024\" data-id=\"2293\" src=\"https:\/\/association-carmen.fr\/la-caravane-des-medias\/wp-content\/uploads\/2024\/09\/ORO6922-683x1024.jpg\" alt=\"\" class=\"wp-image-2293\" srcset=\"https:\/\/association-carmen.fr\/la-caravane-des-medias\/wp-content\/uploads\/2024\/09\/ORO6922-683x1024.jpg 683w, https:\/\/association-carmen.fr\/la-caravane-des-medias\/wp-content\/uploads\/2024\/09\/ORO6922-200x300.jpg 200w, https:\/\/association-carmen.fr\/la-caravane-des-medias\/wp-content\/uploads\/2024\/09\/ORO6922-768x1152.jpg 768w, https:\/\/association-carmen.fr\/la-caravane-des-medias\/wp-content\/uploads\/2024\/09\/ORO6922-1024x1536.jpg 1024w, https:\/\/association-carmen.fr\/la-caravane-des-medias\/wp-content\/uploads\/2024\/09\/ORO6922-1365x2048.jpg 1365w, https:\/\/association-carmen.fr\/la-caravane-des-medias\/wp-content\/uploads\/2024\/09\/ORO6922-1200x1800.jpg 1200w, https:\/\/association-carmen.fr\/la-caravane-des-medias\/wp-content\/uploads\/2024\/09\/ORO6922-1980x2970.jpg 1980w, https:\/\/association-carmen.fr\/la-caravane-des-medias\/wp-content\/uploads\/2024\/09\/ORO6922-scaled.jpg 1707w\" sizes=\"auto, (max-width: 683px) 100vw, 683px\" \/><\/figure>\n\n\n\n<figure class=\"wp-block-image size-large\"><img loading=\"lazy\" decoding=\"async\" width=\"682\" height=\"1024\" data-id=\"2294\" src=\"https:\/\/association-carmen.fr\/la-caravane-des-medias\/wp-content\/uploads\/2024\/09\/ORO6890-682x1024.jpg\" alt=\"\" class=\"wp-image-2294\" srcset=\"https:\/\/association-carmen.fr\/la-caravane-des-medias\/wp-content\/uploads\/2024\/09\/ORO6890-682x1024.jpg 682w, https:\/\/association-carmen.fr\/la-caravane-des-medias\/wp-content\/uploads\/2024\/09\/ORO6890-200x300.jpg 200w, https:\/\/association-carmen.fr\/la-caravane-des-medias\/wp-content\/uploads\/2024\/09\/ORO6890-768x1153.jpg 768w, https:\/\/association-carmen.fr\/la-caravane-des-medias\/wp-content\/uploads\/2024\/09\/ORO6890-1023x1536.jpg 1023w, https:\/\/association-carmen.fr\/la-caravane-des-medias\/wp-content\/uploads\/2024\/09\/ORO6890-1364x2048.jpg 1364w, https:\/\/association-carmen.fr\/la-caravane-des-medias\/wp-content\/uploads\/2024\/09\/ORO6890-1200x1802.jpg 1200w, https:\/\/association-carmen.fr\/la-caravane-des-medias\/wp-content\/uploads\/2024\/09\/ORO6890-1980x2973.jpg 1980w, https:\/\/association-carmen.fr\/la-caravane-des-medias\/wp-content\/uploads\/2024\/09\/ORO6890-scaled.jpg 1705w\" sizes=\"auto, (max-width: 682px) 100vw, 682px\" \/><\/figure>\n<\/figure>\n\n\n\n<p>Elle attend beaucoup du restaurant \u00e9ph\u00e9m\u00e8re qu\u2019elles vont mettre en place. Dans la petite assembl\u00e9e, \u00e7a \u00e9voque d\u00e9j\u00e0 les recettes de leurs m\u00e8res et grand-m\u00e8res : le poulet maf\u00e9 pour l&rsquo;une, le bourguignon pour l\u2019autre. Laure explique qu&rsquo;elle attend beaucoup de l&rsquo;interg\u00e9n\u00e9rationnel : \u00ab <em>la cuisine des anciennes, c&rsquo;\u00e9tait la cuisine anti-gaspi, la cuisine des astuces, avant que la grande distribution bouleverse tout pour le profit. On veut que chacun retrouve sa souverainet\u00e9 alimentaire. <\/em>\u00bb<em>&nbsp;<\/em><\/p>\n\n\n\n<p class=\"has-text-align-right\"><em>Timoth\u00e9e Vinchon, Sophie Bourlet et Cl\u00e9mence Leleu<\/em><\/p>\n","protected":false},"excerpt":{"rendered":"<p>Des b\u00e9n\u00e9voles de l\u2019association Initi\u2019elles se sont lanc\u00e9 le d\u00e9fi d\u2019ouvrir une coop\u00e9rative alimentaire dans le quartier d\u2019\u00c9touvie. Nous les avons rencontr\u00e9es pour discuter Caddie qui co\u00fbte de plus en plus cher et envie de solidarit\u00e9. <\/p>\n","protected":false},"author":1,"featured_media":2278,"comment_status":"open","ping_status":"open","sticky":false,"template":"templates\/template-cover.php","format":"standard","meta":{"_jetpack_memberships_contains_paid_content":false,"footnotes":""},"categories":[23],"tags":[],"class_list":["post-2309","post","type-post","status-publish","format-standard","has-post-thumbnail","hentry","category-amiens-et-ses-quartiers"],"yoast_head":"<!-- This site is optimized with the Yoast SEO plugin v25.6 - https:\/\/yoast.com\/wordpress\/plugins\/seo\/ -->\n<title>\u00ab Avant tu avais honte d\u2019aller prendre un panier alimentaire, maintenant \u00e7a concerne tellement de monde\u2026 \u00bb - La caravane des m\u00e9dias<\/title>\n<meta name=\"robots\" content=\"index, follow, max-snippet:-1, max-image-preview:large, max-video-preview:-1\" \/>\n<link rel=\"canonical\" href=\"https:\/\/association-carmen.fr\/la-caravane-des-medias\/avant-tu-avais-honte-daller-prendre-un-panier-alimentaire-maintenant-ca-concerne-tellement-de-monde\/\" \/>\n<meta property=\"og:locale\" content=\"fr_FR\" \/>\n<meta property=\"og:type\" content=\"article\" \/>\n<meta property=\"og:title\" content=\"\u00ab Avant tu avais honte d\u2019aller prendre un panier alimentaire, maintenant \u00e7a concerne tellement de monde\u2026 \u00bb - La caravane des m\u00e9dias\" \/>\n<meta property=\"og:description\" content=\"Des b\u00e9n\u00e9voles de l\u2019association Initi\u2019elles se sont lanc\u00e9 le d\u00e9fi d\u2019ouvrir une coop\u00e9rative alimentaire dans le quartier d\u2019\u00c9touvie. Nous les avons rencontr\u00e9es pour discuter Caddie qui co\u00fbte de plus en plus cher et envie de solidarit\u00e9.\" \/>\n<meta property=\"og:url\" content=\"https:\/\/association-carmen.fr\/la-caravane-des-medias\/avant-tu-avais-honte-daller-prendre-un-panier-alimentaire-maintenant-ca-concerne-tellement-de-monde\/\" \/>\n<meta property=\"og:site_name\" content=\"La caravane des m\u00e9dias\" \/>\n<meta property=\"article:published_time\" content=\"2024-09-12T14:55:51+00:00\" \/>\n<meta property=\"article:modified_time\" content=\"2025-10-30T13:52:13+00:00\" \/>\n<meta property=\"og:image\" content=\"https:\/\/association-carmen.fr\/la-caravane-des-medias\/wp-content\/uploads\/2024\/09\/ORO6904-scaled.jpg\" \/>\n\t<meta property=\"og:image:width\" content=\"2560\" \/>\n\t<meta property=\"og:image:height\" content=\"1706\" \/>\n\t<meta property=\"og:image:type\" content=\"image\/jpeg\" \/>\n<meta name=\"author\" content=\"LA CARAVANE DES M\u00c9DIAS\" \/>\n<meta name=\"twitter:card\" content=\"summary_large_image\" \/>\n<meta name=\"twitter:label1\" content=\"\u00c9crit par\" \/>\n\t<meta name=\"twitter:data1\" content=\"LA CARAVANE DES M\u00c9DIAS\" \/>\n\t<meta name=\"twitter:label2\" content=\"Dur\u00e9e de lecture estim\u00e9e\" \/>\n\t<meta name=\"twitter:data2\" content=\"5 minutes\" \/>\n<script type=\"application\/ld+json\" class=\"yoast-schema-graph\">{\"@context\":\"https:\/\/schema.org\",\"@graph\":[{\"@type\":\"Article\",\"@id\":\"https:\/\/association-carmen.fr\/la-caravane-des-medias\/avant-tu-avais-honte-daller-prendre-un-panier-alimentaire-maintenant-ca-concerne-tellement-de-monde\/#article\",\"isPartOf\":{\"@id\":\"https:\/\/association-carmen.fr\/la-caravane-des-medias\/avant-tu-avais-honte-daller-prendre-un-panier-alimentaire-maintenant-ca-concerne-tellement-de-monde\/\"},\"author\":{\"name\":\"LA CARAVANE DES M\u00c9DIAS\",\"@id\":\"https:\/\/association-carmen.fr\/la-caravane-des-medias\/#\/schema\/person\/bb08254e2d1a9ac9c13c739c13add68e\"},\"headline\":\"\u00ab Avant tu avais honte d\u2019aller prendre un panier alimentaire, maintenant \u00e7a concerne tellement de monde\u2026 \u00bb\",\"datePublished\":\"2024-09-12T14:55:51+00:00\",\"dateModified\":\"2025-10-30T13:52:13+00:00\",\"mainEntityOfPage\":{\"@id\":\"https:\/\/association-carmen.fr\/la-caravane-des-medias\/avant-tu-avais-honte-daller-prendre-un-panier-alimentaire-maintenant-ca-concerne-tellement-de-monde\/\"},\"wordCount\":836,\"commentCount\":0,\"publisher\":{\"@id\":\"https:\/\/association-carmen.fr\/la-caravane-des-medias\/#organization\"},\"image\":{\"@id\":\"https:\/\/association-carmen.fr\/la-caravane-des-medias\/avant-tu-avais-honte-daller-prendre-un-panier-alimentaire-maintenant-ca-concerne-tellement-de-monde\/#primaryimage\"},\"thumbnailUrl\":\"https:\/\/association-carmen.fr\/la-caravane-des-medias\/wp-content\/uploads\/2024\/09\/ORO6904-scaled.jpg\",\"articleSection\":[\"Amiens et ses quartiers (80)\"],\"inLanguage\":\"fr-FR\",\"potentialAction\":[{\"@type\":\"CommentAction\",\"name\":\"Comment\",\"target\":[\"https:\/\/association-carmen.fr\/la-caravane-des-medias\/avant-tu-avais-honte-daller-prendre-un-panier-alimentaire-maintenant-ca-concerne-tellement-de-monde\/#respond\"]}]},{\"@type\":\"WebPage\",\"@id\":\"https:\/\/association-carmen.fr\/la-caravane-des-medias\/avant-tu-avais-honte-daller-prendre-un-panier-alimentaire-maintenant-ca-concerne-tellement-de-monde\/\",\"url\":\"https:\/\/association-carmen.fr\/la-caravane-des-medias\/avant-tu-avais-honte-daller-prendre-un-panier-alimentaire-maintenant-ca-concerne-tellement-de-monde\/\",\"name\":\"\u00ab Avant tu avais honte d\u2019aller prendre un panier alimentaire, maintenant \u00e7a concerne tellement de monde\u2026 \u00bb - La caravane des m\u00e9dias\",\"isPartOf\":{\"@id\":\"https:\/\/association-carmen.fr\/la-caravane-des-medias\/#website\"},\"primaryImageOfPage\":{\"@id\":\"https:\/\/association-carmen.fr\/la-caravane-des-medias\/avant-tu-avais-honte-daller-prendre-un-panier-alimentaire-maintenant-ca-concerne-tellement-de-monde\/#primaryimage\"},\"image\":{\"@id\":\"https:\/\/association-carmen.fr\/la-caravane-des-medias\/avant-tu-avais-honte-daller-prendre-un-panier-alimentaire-maintenant-ca-concerne-tellement-de-monde\/#primaryimage\"},\"thumbnailUrl\":\"https:\/\/association-carmen.fr\/la-caravane-des-medias\/wp-content\/uploads\/2024\/09\/ORO6904-scaled.jpg\",\"datePublished\":\"2024-09-12T14:55:51+00:00\",\"dateModified\":\"2025-10-30T13:52:13+00:00\",\"breadcrumb\":{\"@id\":\"https:\/\/association-carmen.fr\/la-caravane-des-medias\/avant-tu-avais-honte-daller-prendre-un-panier-alimentaire-maintenant-ca-concerne-tellement-de-monde\/#breadcrumb\"},\"inLanguage\":\"fr-FR\",\"potentialAction\":[{\"@type\":\"ReadAction\",\"target\":[\"https:\/\/association-carmen.fr\/la-caravane-des-medias\/avant-tu-avais-honte-daller-prendre-un-panier-alimentaire-maintenant-ca-concerne-tellement-de-monde\/\"]}]},{\"@type\":\"ImageObject\",\"inLanguage\":\"fr-FR\",\"@id\":\"https:\/\/association-carmen.fr\/la-caravane-des-medias\/avant-tu-avais-honte-daller-prendre-un-panier-alimentaire-maintenant-ca-concerne-tellement-de-monde\/#primaryimage\",\"url\":\"https:\/\/association-carmen.fr\/la-caravane-des-medias\/wp-content\/uploads\/2024\/09\/ORO6904-scaled.jpg\",\"contentUrl\":\"https:\/\/association-carmen.fr\/la-caravane-des-medias\/wp-content\/uploads\/2024\/09\/ORO6904-scaled.jpg\",\"width\":2560,\"height\":1706},{\"@type\":\"BreadcrumbList\",\"@id\":\"https:\/\/association-carmen.fr\/la-caravane-des-medias\/avant-tu-avais-honte-daller-prendre-un-panier-alimentaire-maintenant-ca-concerne-tellement-de-monde\/#breadcrumb\",\"itemListElement\":[{\"@type\":\"ListItem\",\"position\":1,\"name\":\"Accueil\",\"item\":\"https:\/\/association-carmen.fr\/la-caravane-des-medias\/\"},{\"@type\":\"ListItem\",\"position\":2,\"name\":\"\u00ab Avant tu avais honte d\u2019aller prendre un panier alimentaire, maintenant \u00e7a concerne tellement de monde\u2026 \u00bb\"}]},{\"@type\":\"WebSite\",\"@id\":\"https:\/\/association-carmen.fr\/la-caravane-des-medias\/#website\",\"url\":\"https:\/\/association-carmen.fr\/la-caravane-des-medias\/\",\"name\":\"La caravane des m\u00e9dias\",\"description\":\"\",\"publisher\":{\"@id\":\"https:\/\/association-carmen.fr\/la-caravane-des-medias\/#organization\"},\"potentialAction\":[{\"@type\":\"SearchAction\",\"target\":{\"@type\":\"EntryPoint\",\"urlTemplate\":\"https:\/\/association-carmen.fr\/la-caravane-des-medias\/?s={search_term_string}\"},\"query-input\":{\"@type\":\"PropertyValueSpecification\",\"valueRequired\":true,\"valueName\":\"search_term_string\"}}],\"inLanguage\":\"fr-FR\"},{\"@type\":\"Organization\",\"@id\":\"https:\/\/association-carmen.fr\/la-caravane-des-medias\/#organization\",\"name\":\"La Caravane des M\u00e9dias - Association CARMEN\",\"url\":\"https:\/\/association-carmen.fr\/la-caravane-des-medias\/\",\"logo\":{\"@type\":\"ImageObject\",\"inLanguage\":\"fr-FR\",\"@id\":\"https:\/\/association-carmen.fr\/la-caravane-des-medias\/#\/schema\/logo\/image\/\",\"url\":\"https:\/\/association-carmen.fr\/la-caravane-des-medias\/wp-content\/uploads\/2020\/07\/la-caravane-IMG-FOND.png\",\"contentUrl\":\"https:\/\/association-carmen.fr\/la-caravane-des-medias\/wp-content\/uploads\/2020\/07\/la-caravane-IMG-FOND.png\",\"width\":1920,\"height\":1080,\"caption\":\"La Caravane des M\u00e9dias - Association CARMEN\"},\"image\":{\"@id\":\"https:\/\/association-carmen.fr\/la-caravane-des-medias\/#\/schema\/logo\/image\/\"}},{\"@type\":\"Person\",\"@id\":\"https:\/\/association-carmen.fr\/la-caravane-des-medias\/#\/schema\/person\/bb08254e2d1a9ac9c13c739c13add68e\",\"name\":\"LA CARAVANE DES M\u00c9DIAS\",\"image\":{\"@type\":\"ImageObject\",\"inLanguage\":\"fr-FR\",\"@id\":\"https:\/\/association-carmen.fr\/la-caravane-des-medias\/#\/schema\/person\/image\/\",\"url\":\"https:\/\/secure.gravatar.com\/avatar\/970d3af93b5370d1d9115237a868874a28296529020e9fff2826691825659a9a?s=96&d=blank&r=g\",\"contentUrl\":\"https:\/\/secure.gravatar.com\/avatar\/970d3af93b5370d1d9115237a868874a28296529020e9fff2826691825659a9a?s=96&d=blank&r=g\",\"caption\":\"LA CARAVANE DES M\u00c9DIAS\"},\"url\":\"https:\/\/association-carmen.fr\/la-caravane-des-medias\/author\/caravmed\/\"}]}<\/script>\n<!-- \/ Yoast SEO plugin. -->","yoast_head_json":{"title":"\u00ab Avant tu avais honte d\u2019aller prendre un panier alimentaire, maintenant \u00e7a concerne tellement de monde\u2026 \u00bb - La caravane des m\u00e9dias","robots":{"index":"index","follow":"follow","max-snippet":"max-snippet:-1","max-image-preview":"max-image-preview:large","max-video-preview":"max-video-preview:-1"},"canonical":"https:\/\/association-carmen.fr\/la-caravane-des-medias\/avant-tu-avais-honte-daller-prendre-un-panier-alimentaire-maintenant-ca-concerne-tellement-de-monde\/","og_locale":"fr_FR","og_type":"article","og_title":"\u00ab Avant tu avais honte d\u2019aller prendre un panier alimentaire, maintenant \u00e7a concerne tellement de monde\u2026 \u00bb - La caravane des m\u00e9dias","og_description":"Des b\u00e9n\u00e9voles de l\u2019association Initi\u2019elles se sont lanc\u00e9 le d\u00e9fi d\u2019ouvrir une coop\u00e9rative alimentaire dans le quartier d\u2019\u00c9touvie. Nous les avons rencontr\u00e9es pour discuter Caddie qui co\u00fbte de plus en plus cher et envie de solidarit\u00e9.","og_url":"https:\/\/association-carmen.fr\/la-caravane-des-medias\/avant-tu-avais-honte-daller-prendre-un-panier-alimentaire-maintenant-ca-concerne-tellement-de-monde\/","og_site_name":"La caravane des m\u00e9dias","article_published_time":"2024-09-12T14:55:51+00:00","article_modified_time":"2025-10-30T13:52:13+00:00","og_image":[{"width":2560,"height":1706,"url":"https:\/\/association-carmen.fr\/la-caravane-des-medias\/wp-content\/uploads\/2024\/09\/ORO6904-scaled.jpg","type":"image\/jpeg"}],"author":"LA CARAVANE DES M\u00c9DIAS","twitter_card":"summary_large_image","twitter_misc":{"\u00c9crit par":"LA CARAVANE DES M\u00c9DIAS","Dur\u00e9e de lecture estim\u00e9e":"5 minutes"},"schema":{"@context":"https:\/\/schema.org","@graph":[{"@type":"Article","@id":"https:\/\/association-carmen.fr\/la-caravane-des-medias\/avant-tu-avais-honte-daller-prendre-un-panier-alimentaire-maintenant-ca-concerne-tellement-de-monde\/#article","isPartOf":{"@id":"https:\/\/association-carmen.fr\/la-caravane-des-medias\/avant-tu-avais-honte-daller-prendre-un-panier-alimentaire-maintenant-ca-concerne-tellement-de-monde\/"},"author":{"name":"LA CARAVANE DES M\u00c9DIAS","@id":"https:\/\/association-carmen.fr\/la-caravane-des-medias\/#\/schema\/person\/bb08254e2d1a9ac9c13c739c13add68e"},"headline":"\u00ab Avant tu avais honte d\u2019aller prendre un panier alimentaire, maintenant \u00e7a concerne tellement de monde\u2026 \u00bb","datePublished":"2024-09-12T14:55:51+00:00","dateModified":"2025-10-30T13:52:13+00:00","mainEntityOfPage":{"@id":"https:\/\/association-carmen.fr\/la-caravane-des-medias\/avant-tu-avais-honte-daller-prendre-un-panier-alimentaire-maintenant-ca-concerne-tellement-de-monde\/"},"wordCount":836,"commentCount":0,"publisher":{"@id":"https:\/\/association-carmen.fr\/la-caravane-des-medias\/#organization"},"image":{"@id":"https:\/\/association-carmen.fr\/la-caravane-des-medias\/avant-tu-avais-honte-daller-prendre-un-panier-alimentaire-maintenant-ca-concerne-tellement-de-monde\/#primaryimage"},"thumbnailUrl":"https:\/\/association-carmen.fr\/la-caravane-des-medias\/wp-content\/uploads\/2024\/09\/ORO6904-scaled.jpg","articleSection":["Amiens et ses quartiers (80)"],"inLanguage":"fr-FR","potentialAction":[{"@type":"CommentAction","name":"Comment","target":["https:\/\/association-carmen.fr\/la-caravane-des-medias\/avant-tu-avais-honte-daller-prendre-un-panier-alimentaire-maintenant-ca-concerne-tellement-de-monde\/#respond"]}]},{"@type":"WebPage","@id":"https:\/\/association-carmen.fr\/la-caravane-des-medias\/avant-tu-avais-honte-daller-prendre-un-panier-alimentaire-maintenant-ca-concerne-tellement-de-monde\/","url":"https:\/\/association-carmen.fr\/la-caravane-des-medias\/avant-tu-avais-honte-daller-prendre-un-panier-alimentaire-maintenant-ca-concerne-tellement-de-monde\/","name":"\u00ab Avant tu avais honte d\u2019aller prendre un panier alimentaire, maintenant \u00e7a concerne tellement de monde\u2026 \u00bb - La caravane des m\u00e9dias","isPartOf":{"@id":"https:\/\/association-carmen.fr\/la-caravane-des-medias\/#website"},"primaryImageOfPage":{"@id":"https:\/\/association-carmen.fr\/la-caravane-des-medias\/avant-tu-avais-honte-daller-prendre-un-panier-alimentaire-maintenant-ca-concerne-tellement-de-monde\/#primaryimage"},"image":{"@id":"https:\/\/association-carmen.fr\/la-caravane-des-medias\/avant-tu-avais-honte-daller-prendre-un-panier-alimentaire-maintenant-ca-concerne-tellement-de-monde\/#primaryimage"},"thumbnailUrl":"https:\/\/association-carmen.fr\/la-caravane-des-medias\/wp-content\/uploads\/2024\/09\/ORO6904-scaled.jpg","datePublished":"2024-09-12T14:55:51+00:00","dateModified":"2025-10-30T13:52:13+00:00","breadcrumb":{"@id":"https:\/\/association-carmen.fr\/la-caravane-des-medias\/avant-tu-avais-honte-daller-prendre-un-panier-alimentaire-maintenant-ca-concerne-tellement-de-monde\/#breadcrumb"},"inLanguage":"fr-FR","potentialAction":[{"@type":"ReadAction","target":["https:\/\/association-carmen.fr\/la-caravane-des-medias\/avant-tu-avais-honte-daller-prendre-un-panier-alimentaire-maintenant-ca-concerne-tellement-de-monde\/"]}]},{"@type":"ImageObject","inLanguage":"fr-FR","@id":"https:\/\/association-carmen.fr\/la-caravane-des-medias\/avant-tu-avais-honte-daller-prendre-un-panier-alimentaire-maintenant-ca-concerne-tellement-de-monde\/#primaryimage","url":"https:\/\/association-carmen.fr\/la-caravane-des-medias\/wp-content\/uploads\/2024\/09\/ORO6904-scaled.jpg","contentUrl":"https:\/\/association-carmen.fr\/la-caravane-des-medias\/wp-content\/uploads\/2024\/09\/ORO6904-scaled.jpg","width":2560,"height":1706},{"@type":"BreadcrumbList","@id":"https:\/\/association-carmen.fr\/la-caravane-des-medias\/avant-tu-avais-honte-daller-prendre-un-panier-alimentaire-maintenant-ca-concerne-tellement-de-monde\/#breadcrumb","itemListElement":[{"@type":"ListItem","position":1,"name":"Accueil","item":"https:\/\/association-carmen.fr\/la-caravane-des-medias\/"},{"@type":"ListItem","position":2,"name":"\u00ab Avant tu avais honte d\u2019aller prendre un panier alimentaire, maintenant \u00e7a concerne tellement de monde\u2026 \u00bb"}]},{"@type":"WebSite","@id":"https:\/\/association-carmen.fr\/la-caravane-des-medias\/#website","url":"https:\/\/association-carmen.fr\/la-caravane-des-medias\/","name":"La caravane des m\u00e9dias","description":"","publisher":{"@id":"https:\/\/association-carmen.fr\/la-caravane-des-medias\/#organization"},"potentialAction":[{"@type":"SearchAction","target":{"@type":"EntryPoint","urlTemplate":"https:\/\/association-carmen.fr\/la-caravane-des-medias\/?s={search_term_string}"},"query-input":{"@type":"PropertyValueSpecification","valueRequired":true,"valueName":"search_term_string"}}],"inLanguage":"fr-FR"},{"@type":"Organization","@id":"https:\/\/association-carmen.fr\/la-caravane-des-medias\/#organization","name":"La Caravane des M\u00e9dias - Association CARMEN","url":"https:\/\/association-carmen.fr\/la-caravane-des-medias\/","logo":{"@type":"ImageObject","inLanguage":"fr-FR","@id":"https:\/\/association-carmen.fr\/la-caravane-des-medias\/#\/schema\/logo\/image\/","url":"https:\/\/association-carmen.fr\/la-caravane-des-medias\/wp-content\/uploads\/2020\/07\/la-caravane-IMG-FOND.png","contentUrl":"https:\/\/association-carmen.fr\/la-caravane-des-medias\/wp-content\/uploads\/2020\/07\/la-caravane-IMG-FOND.png","width":1920,"height":1080,"caption":"La Caravane des M\u00e9dias - Association CARMEN"},"image":{"@id":"https:\/\/association-carmen.fr\/la-caravane-des-medias\/#\/schema\/logo\/image\/"}},{"@type":"Person","@id":"https:\/\/association-carmen.fr\/la-caravane-des-medias\/#\/schema\/person\/bb08254e2d1a9ac9c13c739c13add68e","name":"LA CARAVANE DES M\u00c9DIAS","image":{"@type":"ImageObject","inLanguage":"fr-FR","@id":"https:\/\/association-carmen.fr\/la-caravane-des-medias\/#\/schema\/person\/image\/","url":"https:\/\/secure.gravatar.com\/avatar\/970d3af93b5370d1d9115237a868874a28296529020e9fff2826691825659a9a?s=96&d=blank&r=g","contentUrl":"https:\/\/secure.gravatar.com\/avatar\/970d3af93b5370d1d9115237a868874a28296529020e9fff2826691825659a9a?s=96&d=blank&r=g","caption":"LA CARAVANE DES M\u00c9DIAS"},"url":"https:\/\/association-carmen.fr\/la-caravane-des-medias\/author\/caravmed\/"}]}},"jetpack_featured_media_url":"https:\/\/association-carmen.fr\/la-caravane-des-medias\/wp-content\/uploads\/2024\/09\/ORO6904-scaled.jpg","jetpack_sharing_enabled":false,"_links":{"self":[{"href":"https:\/\/association-carmen.fr\/la-caravane-des-medias\/wp-json\/wp\/v2\/posts\/2309","targetHints":{"allow":["GET"]}}],"collection":[{"href":"https:\/\/association-carmen.fr\/la-caravane-des-medias\/wp-json\/wp\/v2\/posts"}],"about":[{"href":"https:\/\/association-carmen.fr\/la-caravane-des-medias\/wp-json\/wp\/v2\/types\/post"}],"author":[{"embeddable":true,"href":"https:\/\/association-carmen.fr\/la-caravane-des-medias\/wp-json\/wp\/v2\/users\/1"}],"replies":[{"embeddable":true,"href":"https:\/\/association-carmen.fr\/la-caravane-des-medias\/wp-json\/wp\/v2\/comments?post=2309"}],"version-history":[{"count":5,"href":"https:\/\/association-carmen.fr\/la-caravane-des-medias\/wp-json\/wp\/v2\/posts\/2309\/revisions"}],"predecessor-version":[{"id":2741,"href":"https:\/\/association-carmen.fr\/la-caravane-des-medias\/wp-json\/wp\/v2\/posts\/2309\/revisions\/2741"}],"wp:featuredmedia":[{"embeddable":true,"href":"https:\/\/association-carmen.fr\/la-caravane-des-medias\/wp-json\/wp\/v2\/media\/2278"}],"wp:attachment":[{"href":"https:\/\/association-carmen.fr\/la-caravane-des-medias\/wp-json\/wp\/v2\/media?parent=2309"}],"wp:term":[{"taxonomy":"category","embeddable":true,"href":"https:\/\/association-carmen.fr\/la-caravane-des-medias\/wp-json\/wp\/v2\/categories?post=2309"},{"taxonomy":"post_tag","embeddable":true,"href":"https:\/\/association-carmen.fr\/la-caravane-des-medias\/wp-json\/wp\/v2\/tags?post=2309"}],"curies":[{"name":"wp","href":"https:\/\/api.w.org\/{rel}","templated":true}]}}