{"id":215,"date":"2020-07-22T19:12:42","date_gmt":"2020-07-22T17:12:42","guid":{"rendered":"http:\/\/association-carmen.fr\/la-caravane-des-medias\/?p=215"},"modified":"2020-07-22T19:15:38","modified_gmt":"2020-07-22T17:15:38","slug":"freddy","status":"publish","type":"post","link":"https:\/\/association-carmen.fr\/la-caravane-des-medias\/freddy\/","title":{"rendered":"Freddy"},"content":{"rendered":"\n<p>Place de la mairie &#8211; Delincourt &#8211; 10 heures<\/p>\n\n\n\n<p>Freddy s&rsquo;affaire \u00e0 la r\u00e9organisation de sa terrasse. Voil\u00e0 trois ans qu&rsquo;il est \u00e0 la t\u00eate de l&rsquo;\u00e9picerie &#8211; estaminet de la commune. Timbres, retrait de colis, courses d&rsquo;appoint mais aussi caf\u00e9 et restaurant, son \u00e9tablissement est le point n\u00e9vralgique du village o\u00f9 l&rsquo;on trouvait encore, il y a quelques dizaines d&rsquo;ann\u00e9es, caf\u00e9, tabac, boulangerie et boucherie. On s&rsquo;y \u00e9change quelques infos, on commente les r\u00e9sultats sportifs, on salue des voisins que l&rsquo;on croiserait bien moins souvent si l&rsquo;\u00e9picerie n&rsquo;existait pas. \u00ab\u00a0Il n&rsquo;y avait rien pendant 15 ans. C&rsquo;est important de se retrouver !\u00a0\u00bb glisse Freddy. <\/p>\n\n\n\n<figure class=\"wp-block-image size-large\"><img loading=\"lazy\" decoding=\"async\" width=\"1024\" height=\"683\" src=\"http:\/\/association-carmen.fr\/la-caravane-des-medias\/wp-content\/uploads\/2020\/07\/20200722_CARAVANE_MEDIA__DSF2890-1024x683.jpg\" alt=\"\" class=\"wp-image-226\" srcset=\"https:\/\/association-carmen.fr\/la-caravane-des-medias\/wp-content\/uploads\/2020\/07\/20200722_CARAVANE_MEDIA__DSF2890-1024x683.jpg 1024w, https:\/\/association-carmen.fr\/la-caravane-des-medias\/wp-content\/uploads\/2020\/07\/20200722_CARAVANE_MEDIA__DSF2890-300x200.jpg 300w, https:\/\/association-carmen.fr\/la-caravane-des-medias\/wp-content\/uploads\/2020\/07\/20200722_CARAVANE_MEDIA__DSF2890-768x512.jpg 768w, https:\/\/association-carmen.fr\/la-caravane-des-medias\/wp-content\/uploads\/2020\/07\/20200722_CARAVANE_MEDIA__DSF2890-1536x1024.jpg 1536w, https:\/\/association-carmen.fr\/la-caravane-des-medias\/wp-content\/uploads\/2020\/07\/20200722_CARAVANE_MEDIA__DSF2890.jpg 2048w\" sizes=\"auto, (max-width: 1024px) 100vw, 1024px\" \/><figcaption>Clocher de Delincourt \u00a9 Simon Lambert<\/figcaption><\/figure>\n\n\n\n<p>\u00c0 l&rsquo;int\u00e9rieur, quelques tables, un bar, des denr\u00e9es alimentaires mais aucune trace de presse. \u00ab\u00a0\u00c7a ne marchait pas ! J&rsquo;avais pris l&rsquo;<em>Impartial<\/em>, mais ils sont 4 \u00e0 l&rsquo;acheter, donc j&rsquo;ai arr\u00eat\u00e9.\u00a0\u00bb Alors, les amoureux du papier lui passent commande et lors d&rsquo;un passage \u00e0 Gisors, il leur rapporte leur pr\u00e9cieux hebdomadaire. <\/p>\n\n\n\n<figure class=\"wp-block-image\"><img loading=\"lazy\" decoding=\"async\" width=\"1024\" height=\"683\" src=\"http:\/\/association-carmen.fr\/la-caravane-des-medias\/wp-content\/uploads\/2020\/07\/20200722_CARAVANE_MEDIA__DSF2940-1024x683.jpg\" alt=\"\" class=\"wp-image-230\" srcset=\"https:\/\/association-carmen.fr\/la-caravane-des-medias\/wp-content\/uploads\/2020\/07\/20200722_CARAVANE_MEDIA__DSF2940-1024x683.jpg 1024w, https:\/\/association-carmen.fr\/la-caravane-des-medias\/wp-content\/uploads\/2020\/07\/20200722_CARAVANE_MEDIA__DSF2940-300x200.jpg 300w, https:\/\/association-carmen.fr\/la-caravane-des-medias\/wp-content\/uploads\/2020\/07\/20200722_CARAVANE_MEDIA__DSF2940-768x512.jpg 768w, https:\/\/association-carmen.fr\/la-caravane-des-medias\/wp-content\/uploads\/2020\/07\/20200722_CARAVANE_MEDIA__DSF2940-1536x1024.jpg 1536w, https:\/\/association-carmen.fr\/la-caravane-des-medias\/wp-content\/uploads\/2020\/07\/20200722_CARAVANE_MEDIA__DSF2940.jpg 2048w\" sizes=\"auto, (max-width: 1024px) 100vw, 1024px\" \/><figcaption>\u00a9 Simon Lambert<\/figcaption><\/figure>\n\n\n\n<p>Freddy, lui, c&rsquo;est plus la t\u00e9l\u00e9. Dans son \u00e9picerie, il zappe entre BFM, TF1 pour les jeux et les cha\u00eenes musicales. Les informations, il les attrape le matin au r\u00e9veil \u00e0 6h00 sur BFM, \u00ab\u00a0mais quand tu rallumes dans l&rsquo;\u00e9picerie \u00e0 9h00, ce sont encore les m\u00eame infos qui tournent en boucle\u00a0\u00bb. <\/p>\n\n\n\n<figure class=\"wp-block-image size-large\"><img loading=\"lazy\" decoding=\"async\" width=\"1024\" height=\"683\" src=\"http:\/\/association-carmen.fr\/la-caravane-des-medias\/wp-content\/uploads\/2020\/07\/20200722_CARAVANE_MEDIA__DSF2905-1024x683.jpg\" alt=\"\" class=\"wp-image-228\" srcset=\"https:\/\/association-carmen.fr\/la-caravane-des-medias\/wp-content\/uploads\/2020\/07\/20200722_CARAVANE_MEDIA__DSF2905-1024x683.jpg 1024w, https:\/\/association-carmen.fr\/la-caravane-des-medias\/wp-content\/uploads\/2020\/07\/20200722_CARAVANE_MEDIA__DSF2905-300x200.jpg 300w, https:\/\/association-carmen.fr\/la-caravane-des-medias\/wp-content\/uploads\/2020\/07\/20200722_CARAVANE_MEDIA__DSF2905-768x512.jpg 768w, https:\/\/association-carmen.fr\/la-caravane-des-medias\/wp-content\/uploads\/2020\/07\/20200722_CARAVANE_MEDIA__DSF2905-1536x1024.jpg 1536w, https:\/\/association-carmen.fr\/la-caravane-des-medias\/wp-content\/uploads\/2020\/07\/20200722_CARAVANE_MEDIA__DSF2905.jpg 2048w\" sizes=\"auto, (max-width: 1024px) 100vw, 1024px\" \/><figcaption>\u00a9 Simon Lambert<\/figcaption><\/figure>\n\n\n\n<p>Il lit <em>Le Parisien<\/em>, mais depuis que les \u00e9ditions locales ont fusionn\u00e9, il passe son tour. \u00ab\u00a0<em>Le Parisien<\/em> a vachement r\u00e9duit, ils ont regroup\u00e9 avec l&rsquo;Essonne, le Val d&rsquo;Oise, le Val de Marne, moi, \u00e7a ne m&rsquo;int\u00e9resse pas, donc j&rsquo;ai arr\u00eat\u00e9\u00a0\u00bb ajoute Jean-No\u00ebl venu chercher son pain. <\/p>\n\n\n\n<p>Sa pr\u00e9f\u00e9rence va aux personnalit\u00e9s fortes, sans d\u00e9tour, \u00ab\u00a0qui rentrent dedans, qui continuent de reposer la question tant qu&rsquo;il n&rsquo;a pas r\u00e9pondu. Comme Jean-Jacques Bourdin, je l&rsquo;aime bien lui, il est cash !\u00a0\u00bb<\/p>\n\n\n\n<figure class=\"wp-block-image size-large\"><img loading=\"lazy\" decoding=\"async\" width=\"1024\" height=\"683\" src=\"http:\/\/association-carmen.fr\/la-caravane-des-medias\/wp-content\/uploads\/2020\/07\/20200722_CARAVANE_MEDIA__DSF2925-1024x683.jpg\" alt=\"\" class=\"wp-image-231\" srcset=\"https:\/\/association-carmen.fr\/la-caravane-des-medias\/wp-content\/uploads\/2020\/07\/20200722_CARAVANE_MEDIA__DSF2925-1024x683.jpg 1024w, https:\/\/association-carmen.fr\/la-caravane-des-medias\/wp-content\/uploads\/2020\/07\/20200722_CARAVANE_MEDIA__DSF2925-300x200.jpg 300w, https:\/\/association-carmen.fr\/la-caravane-des-medias\/wp-content\/uploads\/2020\/07\/20200722_CARAVANE_MEDIA__DSF2925-768x512.jpg 768w, https:\/\/association-carmen.fr\/la-caravane-des-medias\/wp-content\/uploads\/2020\/07\/20200722_CARAVANE_MEDIA__DSF2925-1536x1024.jpg 1536w, https:\/\/association-carmen.fr\/la-caravane-des-medias\/wp-content\/uploads\/2020\/07\/20200722_CARAVANE_MEDIA__DSF2925.jpg 2048w\" sizes=\"auto, (max-width: 1024px) 100vw, 1024px\" \/><figcaption>\u00a9 Simon Lambert<\/figcaption><\/figure>\n\n\n\n<h4 class=\"wp-block-heading\">Ce qu&rsquo;il chercherait id\u00e9alement dans les m\u00e9dias ? <\/h4>\n\n\n\n<p>La v\u00e9rit\u00e9 : \u00ab\u00a0Ma m\u00e8re a eu le COVID et ce qu&rsquo;elle vivait n&rsquo;avait rien \u00e0 voir avec ce qu&rsquo;on disait aux infos, donc, tu te poses des questions.\u00a0\u00bb<\/p>\n\n\n\n<p>La v\u00e9rit\u00e9, pour Cl\u00e9ment, 35 ans, poseur de pierres, c&rsquo;est \u00e0 la fois le poison et l&rsquo;antidote. \u00ab\u00a0Les journalistes, ils disent ce qu&rsquo;on leur dit de dire. Ce sont les multinationales qui dirigent des grosses soci\u00e9t\u00e9s qui font des magouilles et qui nous cachent la v\u00e9rit\u00e9. Mais en m\u00eame temps, il faut que les informations circulent. Enfin, peut-\u00eatre que parfois c&rsquo;est mieux de ne pas savoir, sinon ce n&rsquo;est plus possible. Alors, les infos, je ne les regarde pas.\u00a0\u00bb <\/p>\n\n\n\n<figure class=\"wp-block-image size-large\"><img loading=\"lazy\" decoding=\"async\" width=\"1024\" height=\"683\" src=\"http:\/\/association-carmen.fr\/la-caravane-des-medias\/wp-content\/uploads\/2020\/07\/20200722_CARAVANE_MEDIA__DSF2914-1024x683.jpg\" alt=\"\" class=\"wp-image-229\" srcset=\"https:\/\/association-carmen.fr\/la-caravane-des-medias\/wp-content\/uploads\/2020\/07\/20200722_CARAVANE_MEDIA__DSF2914-1024x683.jpg 1024w, https:\/\/association-carmen.fr\/la-caravane-des-medias\/wp-content\/uploads\/2020\/07\/20200722_CARAVANE_MEDIA__DSF2914-300x200.jpg 300w, https:\/\/association-carmen.fr\/la-caravane-des-medias\/wp-content\/uploads\/2020\/07\/20200722_CARAVANE_MEDIA__DSF2914-768x512.jpg 768w, https:\/\/association-carmen.fr\/la-caravane-des-medias\/wp-content\/uploads\/2020\/07\/20200722_CARAVANE_MEDIA__DSF2914-1536x1024.jpg 1536w, https:\/\/association-carmen.fr\/la-caravane-des-medias\/wp-content\/uploads\/2020\/07\/20200722_CARAVANE_MEDIA__DSF2914.jpg 2048w\" sizes=\"auto, (max-width: 1024px) 100vw, 1024px\" \/><figcaption>\u00a9 Simon Lambert<\/figcaption><\/figure>\n\n\n\n<p>Son pr\u00e9-carr\u00e9 ? Le local, les r\u00e9seaux de proximit\u00e9 o\u00f9 on peut facilement \u00ab\u00a0v\u00e9rifier si ce qu&rsquo;on entend est aussi juste que ce qu&rsquo;on pr\u00e9tend\u00a0\u00bb. <\/p>\n\n\n\n<p>M\u00eame son de cloche chez Jean-Robert, 61 ans, retrait\u00e9. Lecteur infatigable, il partage son petit d\u00e9jeuner avec l&rsquo;<em>Impartial<\/em>, journal local qui couvre ce territoire du Vexin \u00e0 la crois\u00e9e de trois territoires. \u00ab\u00a0La vie des gens m&rsquo;int\u00e9resse, comment ils vivent. \u00c7a permet d&rsquo;\u00eatre inform\u00e9 sur ce qui se passe autour et de ne pas rester bloqu\u00e9 sur nous.\u00a0\u00bb <\/p>\n\n\n\n<p>Jean-Robert compl\u00e8te ses lectures avec un abonnement \u00e0 <em>\u00c7a m&rsquo;int\u00e9resse<\/em>. Le reste, l&rsquo;actualit\u00e9 nationale et internationale l&rsquo;int\u00e9resse peu, tant tous ces sujets lui paraissent \u00eatre tenus par des groupements d&rsquo;int\u00e9r\u00eats \u00ab\u00a0qui ont bien d&rsquo;autres choses \u00e0 faire que de nous informer.\u00a0\u00bb <\/p>\n\n\n\n<blockquote class=\"wp-block-quote is-layout-flow wp-block-quote-is-layout-flow\"><p>\u00ab\u00a0La m\u00e9fiance vis-\u00e0-vis des m\u00e9dias, de l&rsquo;information, des journalistes, c&rsquo;est le reflet de la soci\u00e9t\u00e9. Je constate une grande m\u00e9fiance et beaucoup d&rsquo;agressivit\u00e9 entre les gens. Y compris dans les relations de voisinage.\u00a0\u00bb <\/p><\/blockquote>\n\n\n\n<figure class=\"wp-block-image size-large\"><img loading=\"lazy\" decoding=\"async\" width=\"1024\" height=\"683\" src=\"http:\/\/association-carmen.fr\/la-caravane-des-medias\/wp-content\/uploads\/2020\/07\/20200722_CARAVANE_MEDIA__DSF2946-1024x683.jpg\" alt=\"\" class=\"wp-image-232\" srcset=\"https:\/\/association-carmen.fr\/la-caravane-des-medias\/wp-content\/uploads\/2020\/07\/20200722_CARAVANE_MEDIA__DSF2946-1024x683.jpg 1024w, https:\/\/association-carmen.fr\/la-caravane-des-medias\/wp-content\/uploads\/2020\/07\/20200722_CARAVANE_MEDIA__DSF2946-300x200.jpg 300w, https:\/\/association-carmen.fr\/la-caravane-des-medias\/wp-content\/uploads\/2020\/07\/20200722_CARAVANE_MEDIA__DSF2946-768x512.jpg 768w, https:\/\/association-carmen.fr\/la-caravane-des-medias\/wp-content\/uploads\/2020\/07\/20200722_CARAVANE_MEDIA__DSF2946-1536x1024.jpg 1536w, https:\/\/association-carmen.fr\/la-caravane-des-medias\/wp-content\/uploads\/2020\/07\/20200722_CARAVANE_MEDIA__DSF2946.jpg 2048w\" sizes=\"auto, (max-width: 1024px) 100vw, 1024px\" \/><figcaption>\u00a9 Simon Lambert<\/figcaption><\/figure>\n\n\n\n<p>\u00c0 14h00, Freddy ferme boutique. Le village plonge alors dans un calme \u00e9tonnant. Chacun rentre chez soi et les interactions ne reprendront qu&rsquo;\u00e0 la r\u00e9ouverture de l&rsquo;\u00e9picerie \u00e0 17h00. \u00ab\u00a0C&rsquo;est ici que l&rsquo;info circule, c&rsquo;est le seul lieu de convivialit\u00e9 du coin\u00a0\u00bb conclu Freddy. <\/p>\n\n\n\n<hr class=\"wp-block-separator\"\/>\n\n\n\n<p class=\"has-text-align-right\"><em>La suite avec Cathia et Jade<br>Cl\u00e9mence Leleu et Simon Lambert<\/em><\/p>\n","protected":false},"excerpt":{"rendered":"<p>Place de la mairie &#8211; Delincourt &#8211; 10 heures Freddy s&rsquo;affaire \u00e0 la r\u00e9organisation de sa terrasse. Voil\u00e0 trois ans qu&rsquo;il est \u00e0 la t\u00eate de l&rsquo;\u00e9picerie &#8211; estaminet de la commune. Timbres, retrait de colis, courses d&rsquo;appoint mais aussi caf\u00e9 et restaurant, son \u00e9tablissement est le point n\u00e9vralgique du village o\u00f9 l&rsquo;on trouvait encore, [&hellip;]<\/p>\n","protected":false},"author":1,"featured_media":227,"comment_status":"open","ping_status":"open","sticky":false,"template":"","format":"standard","meta":{"_jetpack_memberships_contains_paid_content":false,"footnotes":""},"categories":[7],"tags":[],"class_list":["post-215","post","type-post","status-publish","format-standard","has-post-thumbnail","hentry","category-vexin-thelle"],"yoast_head":"<!-- This site is optimized with the Yoast SEO plugin v25.6 - https:\/\/yoast.com\/wordpress\/plugins\/seo\/ -->\n<title>Freddy - La caravane des m\u00e9dias<\/title>\n<meta name=\"robots\" content=\"index, follow, max-snippet:-1, max-image-preview:large, max-video-preview:-1\" \/>\n<link rel=\"canonical\" href=\"https:\/\/association-carmen.fr\/la-caravane-des-medias\/freddy\/\" \/>\n<meta property=\"og:locale\" content=\"fr_FR\" \/>\n<meta property=\"og:type\" content=\"article\" \/>\n<meta property=\"og:title\" content=\"Freddy - La caravane des m\u00e9dias\" \/>\n<meta property=\"og:description\" content=\"Place de la mairie &#8211; Delincourt &#8211; 10 heures Freddy s&rsquo;affaire \u00e0 la r\u00e9organisation de sa terrasse. Voil\u00e0 trois ans qu&rsquo;il est \u00e0 la t\u00eate de l&rsquo;\u00e9picerie &#8211; estaminet de la commune. Timbres, retrait de colis, courses d&rsquo;appoint mais aussi caf\u00e9 et restaurant, son \u00e9tablissement est le point n\u00e9vralgique du village o\u00f9 l&rsquo;on trouvait encore, [&hellip;]\" \/>\n<meta property=\"og:url\" content=\"https:\/\/association-carmen.fr\/la-caravane-des-medias\/freddy\/\" \/>\n<meta property=\"og:site_name\" content=\"La caravane des m\u00e9dias\" \/>\n<meta property=\"article:published_time\" content=\"2020-07-22T17:12:42+00:00\" \/>\n<meta property=\"article:modified_time\" content=\"2020-07-22T17:15:38+00:00\" \/>\n<meta property=\"og:image\" content=\"https:\/\/association-carmen.fr\/la-caravane-des-medias\/wp-content\/uploads\/2020\/07\/20200722_CARAVANE_MEDIA__DSF2895.jpg\" \/>\n\t<meta property=\"og:image:width\" content=\"2048\" \/>\n\t<meta property=\"og:image:height\" content=\"1365\" \/>\n\t<meta property=\"og:image:type\" content=\"image\/jpeg\" \/>\n<meta name=\"author\" content=\"LA CARAVANE DES M\u00c9DIAS\" \/>\n<meta name=\"twitter:card\" content=\"summary_large_image\" \/>\n<meta name=\"twitter:label1\" content=\"\u00c9crit par\" \/>\n\t<meta name=\"twitter:data1\" content=\"LA CARAVANE DES M\u00c9DIAS\" \/>\n\t<meta name=\"twitter:label2\" content=\"Dur\u00e9e de lecture estim\u00e9e\" \/>\n\t<meta name=\"twitter:data2\" content=\"3 minutes\" \/>\n<script type=\"application\/ld+json\" class=\"yoast-schema-graph\">{\"@context\":\"https:\/\/schema.org\",\"@graph\":[{\"@type\":\"Article\",\"@id\":\"https:\/\/association-carmen.fr\/la-caravane-des-medias\/freddy\/#article\",\"isPartOf\":{\"@id\":\"https:\/\/association-carmen.fr\/la-caravane-des-medias\/freddy\/\"},\"author\":{\"name\":\"LA CARAVANE DES M\u00c9DIAS\",\"@id\":\"https:\/\/association-carmen.fr\/la-caravane-des-medias\/#\/schema\/person\/bb08254e2d1a9ac9c13c739c13add68e\"},\"headline\":\"Freddy\",\"datePublished\":\"2020-07-22T17:12:42+00:00\",\"dateModified\":\"2020-07-22T17:15:38+00:00\",\"mainEntityOfPage\":{\"@id\":\"https:\/\/association-carmen.fr\/la-caravane-des-medias\/freddy\/\"},\"wordCount\":712,\"commentCount\":0,\"publisher\":{\"@id\":\"https:\/\/association-carmen.fr\/la-caravane-des-medias\/#organization\"},\"image\":{\"@id\":\"https:\/\/association-carmen.fr\/la-caravane-des-medias\/freddy\/#primaryimage\"},\"thumbnailUrl\":\"https:\/\/association-carmen.fr\/la-caravane-des-medias\/wp-content\/uploads\/2020\/07\/20200722_CARAVANE_MEDIA__DSF2895.jpg\",\"articleSection\":[\"Vexin-Thelle (60)\"],\"inLanguage\":\"fr-FR\",\"potentialAction\":[{\"@type\":\"CommentAction\",\"name\":\"Comment\",\"target\":[\"https:\/\/association-carmen.fr\/la-caravane-des-medias\/freddy\/#respond\"]}]},{\"@type\":\"WebPage\",\"@id\":\"https:\/\/association-carmen.fr\/la-caravane-des-medias\/freddy\/\",\"url\":\"https:\/\/association-carmen.fr\/la-caravane-des-medias\/freddy\/\",\"name\":\"Freddy - La caravane des m\u00e9dias\",\"isPartOf\":{\"@id\":\"https:\/\/association-carmen.fr\/la-caravane-des-medias\/#website\"},\"primaryImageOfPage\":{\"@id\":\"https:\/\/association-carmen.fr\/la-caravane-des-medias\/freddy\/#primaryimage\"},\"image\":{\"@id\":\"https:\/\/association-carmen.fr\/la-caravane-des-medias\/freddy\/#primaryimage\"},\"thumbnailUrl\":\"https:\/\/association-carmen.fr\/la-caravane-des-medias\/wp-content\/uploads\/2020\/07\/20200722_CARAVANE_MEDIA__DSF2895.jpg\",\"datePublished\":\"2020-07-22T17:12:42+00:00\",\"dateModified\":\"2020-07-22T17:15:38+00:00\",\"breadcrumb\":{\"@id\":\"https:\/\/association-carmen.fr\/la-caravane-des-medias\/freddy\/#breadcrumb\"},\"inLanguage\":\"fr-FR\",\"potentialAction\":[{\"@type\":\"ReadAction\",\"target\":[\"https:\/\/association-carmen.fr\/la-caravane-des-medias\/freddy\/\"]}]},{\"@type\":\"ImageObject\",\"inLanguage\":\"fr-FR\",\"@id\":\"https:\/\/association-carmen.fr\/la-caravane-des-medias\/freddy\/#primaryimage\",\"url\":\"https:\/\/association-carmen.fr\/la-caravane-des-medias\/wp-content\/uploads\/2020\/07\/20200722_CARAVANE_MEDIA__DSF2895.jpg\",\"contentUrl\":\"https:\/\/association-carmen.fr\/la-caravane-des-medias\/wp-content\/uploads\/2020\/07\/20200722_CARAVANE_MEDIA__DSF2895.jpg\",\"width\":2048,\"height\":1365,\"caption\":\"\u00a9 Simon Lambert\"},{\"@type\":\"BreadcrumbList\",\"@id\":\"https:\/\/association-carmen.fr\/la-caravane-des-medias\/freddy\/#breadcrumb\",\"itemListElement\":[{\"@type\":\"ListItem\",\"position\":1,\"name\":\"Accueil\",\"item\":\"https:\/\/association-carmen.fr\/la-caravane-des-medias\/\"},{\"@type\":\"ListItem\",\"position\":2,\"name\":\"Freddy\"}]},{\"@type\":\"WebSite\",\"@id\":\"https:\/\/association-carmen.fr\/la-caravane-des-medias\/#website\",\"url\":\"https:\/\/association-carmen.fr\/la-caravane-des-medias\/\",\"name\":\"La caravane des m\u00e9dias\",\"description\":\"\",\"publisher\":{\"@id\":\"https:\/\/association-carmen.fr\/la-caravane-des-medias\/#organization\"},\"potentialAction\":[{\"@type\":\"SearchAction\",\"target\":{\"@type\":\"EntryPoint\",\"urlTemplate\":\"https:\/\/association-carmen.fr\/la-caravane-des-medias\/?s={search_term_string}\"},\"query-input\":{\"@type\":\"PropertyValueSpecification\",\"valueRequired\":true,\"valueName\":\"search_term_string\"}}],\"inLanguage\":\"fr-FR\"},{\"@type\":\"Organization\",\"@id\":\"https:\/\/association-carmen.fr\/la-caravane-des-medias\/#organization\",\"name\":\"La Caravane des M\u00e9dias - Association CARMEN\",\"url\":\"https:\/\/association-carmen.fr\/la-caravane-des-medias\/\",\"logo\":{\"@type\":\"ImageObject\",\"inLanguage\":\"fr-FR\",\"@id\":\"https:\/\/association-carmen.fr\/la-caravane-des-medias\/#\/schema\/logo\/image\/\",\"url\":\"https:\/\/association-carmen.fr\/la-caravane-des-medias\/wp-content\/uploads\/2020\/07\/la-caravane-IMG-FOND.png\",\"contentUrl\":\"https:\/\/association-carmen.fr\/la-caravane-des-medias\/wp-content\/uploads\/2020\/07\/la-caravane-IMG-FOND.png\",\"width\":1920,\"height\":1080,\"caption\":\"La Caravane des M\u00e9dias - Association CARMEN\"},\"image\":{\"@id\":\"https:\/\/association-carmen.fr\/la-caravane-des-medias\/#\/schema\/logo\/image\/\"}},{\"@type\":\"Person\",\"@id\":\"https:\/\/association-carmen.fr\/la-caravane-des-medias\/#\/schema\/person\/bb08254e2d1a9ac9c13c739c13add68e\",\"name\":\"LA CARAVANE DES M\u00c9DIAS\",\"image\":{\"@type\":\"ImageObject\",\"inLanguage\":\"fr-FR\",\"@id\":\"https:\/\/association-carmen.fr\/la-caravane-des-medias\/#\/schema\/person\/image\/\",\"url\":\"https:\/\/secure.gravatar.com\/avatar\/970d3af93b5370d1d9115237a868874a28296529020e9fff2826691825659a9a?s=96&d=blank&r=g\",\"contentUrl\":\"https:\/\/secure.gravatar.com\/avatar\/970d3af93b5370d1d9115237a868874a28296529020e9fff2826691825659a9a?s=96&d=blank&r=g\",\"caption\":\"LA CARAVANE DES M\u00c9DIAS\"},\"url\":\"https:\/\/association-carmen.fr\/la-caravane-des-medias\/author\/caravmed\/\"}]}<\/script>\n<!-- \/ Yoast SEO plugin. -->","yoast_head_json":{"title":"Freddy - La caravane des m\u00e9dias","robots":{"index":"index","follow":"follow","max-snippet":"max-snippet:-1","max-image-preview":"max-image-preview:large","max-video-preview":"max-video-preview:-1"},"canonical":"https:\/\/association-carmen.fr\/la-caravane-des-medias\/freddy\/","og_locale":"fr_FR","og_type":"article","og_title":"Freddy - La caravane des m\u00e9dias","og_description":"Place de la mairie &#8211; Delincourt &#8211; 10 heures Freddy s&rsquo;affaire \u00e0 la r\u00e9organisation de sa terrasse. Voil\u00e0 trois ans qu&rsquo;il est \u00e0 la t\u00eate de l&rsquo;\u00e9picerie &#8211; estaminet de la commune. Timbres, retrait de colis, courses d&rsquo;appoint mais aussi caf\u00e9 et restaurant, son \u00e9tablissement est le point n\u00e9vralgique du village o\u00f9 l&rsquo;on trouvait encore, [&hellip;]","og_url":"https:\/\/association-carmen.fr\/la-caravane-des-medias\/freddy\/","og_site_name":"La caravane des m\u00e9dias","article_published_time":"2020-07-22T17:12:42+00:00","article_modified_time":"2020-07-22T17:15:38+00:00","og_image":[{"width":2048,"height":1365,"url":"https:\/\/association-carmen.fr\/la-caravane-des-medias\/wp-content\/uploads\/2020\/07\/20200722_CARAVANE_MEDIA__DSF2895.jpg","type":"image\/jpeg"}],"author":"LA CARAVANE DES M\u00c9DIAS","twitter_card":"summary_large_image","twitter_misc":{"\u00c9crit par":"LA CARAVANE DES M\u00c9DIAS","Dur\u00e9e de lecture estim\u00e9e":"3 minutes"},"schema":{"@context":"https:\/\/schema.org","@graph":[{"@type":"Article","@id":"https:\/\/association-carmen.fr\/la-caravane-des-medias\/freddy\/#article","isPartOf":{"@id":"https:\/\/association-carmen.fr\/la-caravane-des-medias\/freddy\/"},"author":{"name":"LA CARAVANE DES M\u00c9DIAS","@id":"https:\/\/association-carmen.fr\/la-caravane-des-medias\/#\/schema\/person\/bb08254e2d1a9ac9c13c739c13add68e"},"headline":"Freddy","datePublished":"2020-07-22T17:12:42+00:00","dateModified":"2020-07-22T17:15:38+00:00","mainEntityOfPage":{"@id":"https:\/\/association-carmen.fr\/la-caravane-des-medias\/freddy\/"},"wordCount":712,"commentCount":0,"publisher":{"@id":"https:\/\/association-carmen.fr\/la-caravane-des-medias\/#organization"},"image":{"@id":"https:\/\/association-carmen.fr\/la-caravane-des-medias\/freddy\/#primaryimage"},"thumbnailUrl":"https:\/\/association-carmen.fr\/la-caravane-des-medias\/wp-content\/uploads\/2020\/07\/20200722_CARAVANE_MEDIA__DSF2895.jpg","articleSection":["Vexin-Thelle (60)"],"inLanguage":"fr-FR","potentialAction":[{"@type":"CommentAction","name":"Comment","target":["https:\/\/association-carmen.fr\/la-caravane-des-medias\/freddy\/#respond"]}]},{"@type":"WebPage","@id":"https:\/\/association-carmen.fr\/la-caravane-des-medias\/freddy\/","url":"https:\/\/association-carmen.fr\/la-caravane-des-medias\/freddy\/","name":"Freddy - La caravane des m\u00e9dias","isPartOf":{"@id":"https:\/\/association-carmen.fr\/la-caravane-des-medias\/#website"},"primaryImageOfPage":{"@id":"https:\/\/association-carmen.fr\/la-caravane-des-medias\/freddy\/#primaryimage"},"image":{"@id":"https:\/\/association-carmen.fr\/la-caravane-des-medias\/freddy\/#primaryimage"},"thumbnailUrl":"https:\/\/association-carmen.fr\/la-caravane-des-medias\/wp-content\/uploads\/2020\/07\/20200722_CARAVANE_MEDIA__DSF2895.jpg","datePublished":"2020-07-22T17:12:42+00:00","dateModified":"2020-07-22T17:15:38+00:00","breadcrumb":{"@id":"https:\/\/association-carmen.fr\/la-caravane-des-medias\/freddy\/#breadcrumb"},"inLanguage":"fr-FR","potentialAction":[{"@type":"ReadAction","target":["https:\/\/association-carmen.fr\/la-caravane-des-medias\/freddy\/"]}]},{"@type":"ImageObject","inLanguage":"fr-FR","@id":"https:\/\/association-carmen.fr\/la-caravane-des-medias\/freddy\/#primaryimage","url":"https:\/\/association-carmen.fr\/la-caravane-des-medias\/wp-content\/uploads\/2020\/07\/20200722_CARAVANE_MEDIA__DSF2895.jpg","contentUrl":"https:\/\/association-carmen.fr\/la-caravane-des-medias\/wp-content\/uploads\/2020\/07\/20200722_CARAVANE_MEDIA__DSF2895.jpg","width":2048,"height":1365,"caption":"\u00a9 Simon Lambert"},{"@type":"BreadcrumbList","@id":"https:\/\/association-carmen.fr\/la-caravane-des-medias\/freddy\/#breadcrumb","itemListElement":[{"@type":"ListItem","position":1,"name":"Accueil","item":"https:\/\/association-carmen.fr\/la-caravane-des-medias\/"},{"@type":"ListItem","position":2,"name":"Freddy"}]},{"@type":"WebSite","@id":"https:\/\/association-carmen.fr\/la-caravane-des-medias\/#website","url":"https:\/\/association-carmen.fr\/la-caravane-des-medias\/","name":"La caravane des m\u00e9dias","description":"","publisher":{"@id":"https:\/\/association-carmen.fr\/la-caravane-des-medias\/#organization"},"potentialAction":[{"@type":"SearchAction","target":{"@type":"EntryPoint","urlTemplate":"https:\/\/association-carmen.fr\/la-caravane-des-medias\/?s={search_term_string}"},"query-input":{"@type":"PropertyValueSpecification","valueRequired":true,"valueName":"search_term_string"}}],"inLanguage":"fr-FR"},{"@type":"Organization","@id":"https:\/\/association-carmen.fr\/la-caravane-des-medias\/#organization","name":"La Caravane des M\u00e9dias - Association CARMEN","url":"https:\/\/association-carmen.fr\/la-caravane-des-medias\/","logo":{"@type":"ImageObject","inLanguage":"fr-FR","@id":"https:\/\/association-carmen.fr\/la-caravane-des-medias\/#\/schema\/logo\/image\/","url":"https:\/\/association-carmen.fr\/la-caravane-des-medias\/wp-content\/uploads\/2020\/07\/la-caravane-IMG-FOND.png","contentUrl":"https:\/\/association-carmen.fr\/la-caravane-des-medias\/wp-content\/uploads\/2020\/07\/la-caravane-IMG-FOND.png","width":1920,"height":1080,"caption":"La Caravane des M\u00e9dias - Association CARMEN"},"image":{"@id":"https:\/\/association-carmen.fr\/la-caravane-des-medias\/#\/schema\/logo\/image\/"}},{"@type":"Person","@id":"https:\/\/association-carmen.fr\/la-caravane-des-medias\/#\/schema\/person\/bb08254e2d1a9ac9c13c739c13add68e","name":"LA CARAVANE DES M\u00c9DIAS","image":{"@type":"ImageObject","inLanguage":"fr-FR","@id":"https:\/\/association-carmen.fr\/la-caravane-des-medias\/#\/schema\/person\/image\/","url":"https:\/\/secure.gravatar.com\/avatar\/970d3af93b5370d1d9115237a868874a28296529020e9fff2826691825659a9a?s=96&d=blank&r=g","contentUrl":"https:\/\/secure.gravatar.com\/avatar\/970d3af93b5370d1d9115237a868874a28296529020e9fff2826691825659a9a?s=96&d=blank&r=g","caption":"LA CARAVANE DES M\u00c9DIAS"},"url":"https:\/\/association-carmen.fr\/la-caravane-des-medias\/author\/caravmed\/"}]}},"jetpack_featured_media_url":"https:\/\/association-carmen.fr\/la-caravane-des-medias\/wp-content\/uploads\/2020\/07\/20200722_CARAVANE_MEDIA__DSF2895.jpg","jetpack_sharing_enabled":true,"_links":{"self":[{"href":"https:\/\/association-carmen.fr\/la-caravane-des-medias\/wp-json\/wp\/v2\/posts\/215","targetHints":{"allow":["GET"]}}],"collection":[{"href":"https:\/\/association-carmen.fr\/la-caravane-des-medias\/wp-json\/wp\/v2\/posts"}],"about":[{"href":"https:\/\/association-carmen.fr\/la-caravane-des-medias\/wp-json\/wp\/v2\/types\/post"}],"author":[{"embeddable":true,"href":"https:\/\/association-carmen.fr\/la-caravane-des-medias\/wp-json\/wp\/v2\/users\/1"}],"replies":[{"embeddable":true,"href":"https:\/\/association-carmen.fr\/la-caravane-des-medias\/wp-json\/wp\/v2\/comments?post=215"}],"version-history":[{"count":3,"href":"https:\/\/association-carmen.fr\/la-caravane-des-medias\/wp-json\/wp\/v2\/posts\/215\/revisions"}],"predecessor-version":[{"id":235,"href":"https:\/\/association-carmen.fr\/la-caravane-des-medias\/wp-json\/wp\/v2\/posts\/215\/revisions\/235"}],"wp:featuredmedia":[{"embeddable":true,"href":"https:\/\/association-carmen.fr\/la-caravane-des-medias\/wp-json\/wp\/v2\/media\/227"}],"wp:attachment":[{"href":"https:\/\/association-carmen.fr\/la-caravane-des-medias\/wp-json\/wp\/v2\/media?parent=215"}],"wp:term":[{"taxonomy":"category","embeddable":true,"href":"https:\/\/association-carmen.fr\/la-caravane-des-medias\/wp-json\/wp\/v2\/categories?post=215"},{"taxonomy":"post_tag","embeddable":true,"href":"https:\/\/association-carmen.fr\/la-caravane-des-medias\/wp-json\/wp\/v2\/tags?post=215"}],"curies":[{"name":"wp","href":"https:\/\/api.w.org\/{rel}","templated":true}]}}