{"id":163,"date":"2020-07-20T20:56:06","date_gmt":"2020-07-20T18:56:06","guid":{"rendered":"http:\/\/association-carmen.fr\/la-caravane-des-medias\/?p=163"},"modified":"2020-07-21T16:10:06","modified_gmt":"2020-07-21T14:10:06","slug":"joachim","status":"publish","type":"post","link":"https:\/\/association-carmen.fr\/la-caravane-des-medias\/joachim\/","title":{"rendered":"Joachim"},"content":{"rendered":"\n<p><em>Lundi 20 juillet 2020, premier jour de notre p\u00e9riple dans le Vexin-Thelle \u00e0 \u00c9nencourt-le-Sec, commune de La Corne-en-Vexin. <\/em><\/p>\n\n\n\n<div class=\"wp-block-media-text alignwide is-stacked-on-mobile\"><figure class=\"wp-block-media-text__media\"><img loading=\"lazy\" decoding=\"async\" width=\"1024\" height=\"682\" src=\"http:\/\/association-carmen.fr\/la-caravane-des-medias\/wp-content\/uploads\/2020\/07\/20200720_CARAVANE_MEDIA__DSF2717-1.jpg\" alt=\"\" class=\"wp-image-167\" srcset=\"https:\/\/association-carmen.fr\/la-caravane-des-medias\/wp-content\/uploads\/2020\/07\/20200720_CARAVANE_MEDIA__DSF2717-1.jpg 1024w, https:\/\/association-carmen.fr\/la-caravane-des-medias\/wp-content\/uploads\/2020\/07\/20200720_CARAVANE_MEDIA__DSF2717-1-300x200.jpg 300w, https:\/\/association-carmen.fr\/la-caravane-des-medias\/wp-content\/uploads\/2020\/07\/20200720_CARAVANE_MEDIA__DSF2717-1-768x512.jpg 768w\" sizes=\"auto, (max-width: 1024px) 100vw, 1024px\" \/><\/figure><div class=\"wp-block-media-text__content\">\n<p>Apr\u00e8s avoir man\u0153uvr\u00e9 et install\u00e9 la caravane devant la mairie, nous sommes partis \u00e0 la rencontre des habitants.<\/p>\n<\/div><\/div>\n\n\n\n<div class=\"wp-block-media-text alignwide has-media-on-the-right is-stacked-on-mobile\"><figure class=\"wp-block-media-text__media\"><img loading=\"lazy\" decoding=\"async\" width=\"1024\" height=\"682\" src=\"http:\/\/association-carmen.fr\/la-caravane-des-medias\/wp-content\/uploads\/2020\/07\/20200720_CARAVANE_MEDIA__DSF2750.jpg\" alt=\"\" class=\"wp-image-169\" srcset=\"https:\/\/association-carmen.fr\/la-caravane-des-medias\/wp-content\/uploads\/2020\/07\/20200720_CARAVANE_MEDIA__DSF2750.jpg 1024w, https:\/\/association-carmen.fr\/la-caravane-des-medias\/wp-content\/uploads\/2020\/07\/20200720_CARAVANE_MEDIA__DSF2750-300x200.jpg 300w, https:\/\/association-carmen.fr\/la-caravane-des-medias\/wp-content\/uploads\/2020\/07\/20200720_CARAVANE_MEDIA__DSF2750-768x512.jpg 768w\" sizes=\"auto, (max-width: 1024px) 100vw, 1024px\" \/><\/figure><div class=\"wp-block-media-text__content\">\n<p>Ces premiers pas en porte-\u00e0-porte n&rsquo;ont pas toujours \u00e9t\u00e9 \u00e0 la hauteur de nos esp\u00e9rances. Beaucoup de nos coups de sonnettes ont r\u00e9sonn\u00e9 dans le vide. Les occupants des maisons \u00e9tant tant\u00f4t absents, tant\u00f4t timides. Mais au bout d&rsquo;une dizaine de tentatives\u2026<\/p>\n<\/div><\/div>\n\n\n\n<div class=\"wp-block-media-text alignwide is-stacked-on-mobile\"><figure class=\"wp-block-media-text__media\"><img loading=\"lazy\" decoding=\"async\" width=\"1024\" height=\"682\" src=\"http:\/\/association-carmen.fr\/la-caravane-des-medias\/wp-content\/uploads\/2020\/07\/20200720_CARAVANE_MEDIA__DSF2741.jpg\" alt=\"\" class=\"wp-image-168\" srcset=\"https:\/\/association-carmen.fr\/la-caravane-des-medias\/wp-content\/uploads\/2020\/07\/20200720_CARAVANE_MEDIA__DSF2741.jpg 1024w, https:\/\/association-carmen.fr\/la-caravane-des-medias\/wp-content\/uploads\/2020\/07\/20200720_CARAVANE_MEDIA__DSF2741-300x200.jpg 300w, https:\/\/association-carmen.fr\/la-caravane-des-medias\/wp-content\/uploads\/2020\/07\/20200720_CARAVANE_MEDIA__DSF2741-768x512.jpg 768w\" sizes=\"auto, (max-width: 1024px) 100vw, 1024px\" \/><\/figure><div class=\"wp-block-media-text__content\">\n<p>\u2026 nous rencontrons Joachim, panier en osier rempli de prunes sous le bras et plut\u00f4t prompt \u00e0 nous donner son opinion sur les m\u00e9dias !<\/p>\n<\/div><\/div>\n\n\n\n<hr class=\"wp-block-separator\"\/>\n\n\n\n<h3 class=\"wp-block-heading\">JOACHIM, 70 ANS, RETRAIT\u00c9<\/h3>\n\n\n\n<p>Ancien directeur technique dans l&rsquo;imprimerie et directeur commercial. <br>N\u00e9 \u00e0 \u00c9nencourt-le-Sec. <\/p>\n\n\n\n<blockquote class=\"wp-block-quote is-layout-flow wp-block-quote-is-layout-flow\"><p>\u00ab\u00a0Je suis un t\u00e9moin des changements du village. Auparavant, \u00c9nencourt \u00e9tait surtout peupl\u00e9 d&rsquo;ouvriers agricoles qui travaillaient dans les champs environnants. Ma femme tenait le bar \u00e0 c\u00f4t\u00e9 de l&rsquo;\u00e9picerie. Aujourd&rsquo;hui, il n&rsquo;y a plus aucun commerce ici. C&rsquo;est devenu un village dortoir.\u00a0\u00bb <\/p><\/blockquote>\n\n\n\n<ul class=\"wp-block-list\"><li>Joachim \u00e9coute France Bleu Normandie le matin d\u00e8s 6h00. <\/li><li>Il allume la t\u00e9l\u00e9 \u00e0 12h00 jusque 13h00 puis le soir \u00e0 19h00. <\/li><li>C&rsquo;est un ancien abonn\u00e9 papier du Parisien et du journal des courses.<\/li><\/ul>\n\n\n\n<blockquote class=\"wp-block-quote is-layout-flow wp-block-quote-is-layout-flow\"><p>\u00ab\u00a0Aujourd&rsquo;hui, je regarde tout sur mon t\u00e9l\u00e9phone. Et il n&rsquo;y a plus de maison de la presse, il faut aller au supermarch\u00e9 pour acheter le journal.\u00a0\u00bb<\/p><\/blockquote>\n\n\n\n<h4 class=\"wp-block-heading\">Les probl\u00e8mes des m\u00e9dias ? <\/h4>\n\n\n\n<p>Trop de mart\u00e8lement de l&rsquo;information. \u00ab\u00a0Parfois elle n&rsquo;est m\u00eame pas juste, c&rsquo;est juste pour garder l&rsquo;antenne et faire de l&rsquo;audimat. C&rsquo;est la course au fric.\u00a0\u00bb (&#8230;) \u00ab\u00a0D\u00e8s que j&rsquo;entends des informations sur le corona, je zappe.\u00a0\u00bb On \u00e9coutera quand ce sera juste !<\/p>\n\n\n\n<h4 class=\"wp-block-heading\">Quel serait le m\u00e9dia id\u00e9al ? <\/h4>\n\n\n\n<blockquote class=\"wp-block-quote is-layout-flow wp-block-quote-is-layout-flow\"><p>\u00ab\u00a0Les infos, on n&rsquo;est pas oblig\u00e9 de les regarder. J&rsquo;aimerais que les m\u00e9dias disent la v\u00e9rit\u00e9 d\u00e9j\u00e0.\u00a0\u00bb (&#8230;) \u00ab\u00a0Je veux juste les bonnes informations. Des faits bruts. Les analystes, on n&rsquo;a pas besoin d&rsquo;eux. Juste une information v\u00e9rifi\u00e9e et correcte.\u00a0\u00bb<\/p><\/blockquote>\n\n\n\n<figure class=\"wp-block-image size-large\"><img loading=\"lazy\" decoding=\"async\" width=\"1024\" height=\"682\" src=\"http:\/\/association-carmen.fr\/la-caravane-des-medias\/wp-content\/uploads\/2020\/07\/20200720_CARAVANE_MEDIA__DSF2762.jpg\" alt=\"\" class=\"wp-image-164\" srcset=\"https:\/\/association-carmen.fr\/la-caravane-des-medias\/wp-content\/uploads\/2020\/07\/20200720_CARAVANE_MEDIA__DSF2762.jpg 1024w, https:\/\/association-carmen.fr\/la-caravane-des-medias\/wp-content\/uploads\/2020\/07\/20200720_CARAVANE_MEDIA__DSF2762-300x200.jpg 300w, https:\/\/association-carmen.fr\/la-caravane-des-medias\/wp-content\/uploads\/2020\/07\/20200720_CARAVANE_MEDIA__DSF2762-768x512.jpg 768w\" sizes=\"auto, (max-width: 1024px) 100vw, 1024px\" \/><figcaption>Installation de la caravane devant la mairie \u00e0 \u00c9nencourt-le-Sec \u00a9 Simon Lambert<\/figcaption><\/figure>\n\n\n\n<hr class=\"wp-block-separator\"\/>\n\n\n\n<p class=\"has-text-align-right\"><em>La suite demain&#8230; au Mesnil-Th\u00e9ribus ! <\/em><br><em>Cl\u00e9mence Leleu et Simon Lambert<\/em><\/p>\n","protected":false},"excerpt":{"rendered":"<p>Lundi 20 juillet 2020, premier jour de notre p\u00e9riple dans le Vexin-Thelle \u00e0 \u00c9nencourt-le-Sec, commune de La Corne-en-Vexin. Apr\u00e8s avoir man\u0153uvr\u00e9 et install\u00e9 la caravane devant la mairie, nous sommes partis \u00e0 la rencontre des habitants. Ces premiers pas en porte-\u00e0-porte n&rsquo;ont pas toujours \u00e9t\u00e9 \u00e0 la hauteur de nos esp\u00e9rances. Beaucoup de nos coups [&hellip;]<\/p>\n","protected":false},"author":1,"featured_media":165,"comment_status":"open","ping_status":"open","sticky":false,"template":"","format":"standard","meta":{"_jetpack_memberships_contains_paid_content":false,"footnotes":""},"categories":[7],"tags":[],"class_list":["post-163","post","type-post","status-publish","format-standard","has-post-thumbnail","hentry","category-vexin-thelle"],"yoast_head":"<!-- This site is optimized with the Yoast SEO plugin v25.6 - https:\/\/yoast.com\/wordpress\/plugins\/seo\/ -->\n<title>Joachim - La caravane des m\u00e9dias<\/title>\n<meta name=\"robots\" content=\"index, follow, max-snippet:-1, max-image-preview:large, max-video-preview:-1\" \/>\n<link rel=\"canonical\" href=\"https:\/\/association-carmen.fr\/la-caravane-des-medias\/joachim\/\" \/>\n<meta property=\"og:locale\" content=\"fr_FR\" \/>\n<meta property=\"og:type\" content=\"article\" \/>\n<meta property=\"og:title\" content=\"Joachim - La caravane des m\u00e9dias\" \/>\n<meta property=\"og:description\" content=\"Lundi 20 juillet 2020, premier jour de notre p\u00e9riple dans le Vexin-Thelle \u00e0 \u00c9nencourt-le-Sec, commune de La Corne-en-Vexin. Apr\u00e8s avoir man\u0153uvr\u00e9 et install\u00e9 la caravane devant la mairie, nous sommes partis \u00e0 la rencontre des habitants. Ces premiers pas en porte-\u00e0-porte n&rsquo;ont pas toujours \u00e9t\u00e9 \u00e0 la hauteur de nos esp\u00e9rances. Beaucoup de nos coups [&hellip;]\" \/>\n<meta property=\"og:url\" content=\"https:\/\/association-carmen.fr\/la-caravane-des-medias\/joachim\/\" \/>\n<meta property=\"og:site_name\" content=\"La caravane des m\u00e9dias\" \/>\n<meta property=\"article:published_time\" content=\"2020-07-20T18:56:06+00:00\" \/>\n<meta property=\"article:modified_time\" content=\"2020-07-21T14:10:06+00:00\" \/>\n<meta property=\"og:image\" content=\"https:\/\/association-carmen.fr\/la-caravane-des-medias\/wp-content\/uploads\/2020\/07\/20200720_CARAVANE_MEDIA__DSF2736.jpg\" \/>\n\t<meta property=\"og:image:width\" content=\"1024\" \/>\n\t<meta property=\"og:image:height\" content=\"682\" \/>\n\t<meta property=\"og:image:type\" content=\"image\/jpeg\" \/>\n<meta name=\"author\" content=\"LA CARAVANE DES M\u00c9DIAS\" \/>\n<meta name=\"twitter:card\" content=\"summary_large_image\" \/>\n<meta name=\"twitter:label1\" content=\"\u00c9crit par\" \/>\n\t<meta name=\"twitter:data1\" content=\"LA CARAVANE DES M\u00c9DIAS\" \/>\n\t<meta name=\"twitter:label2\" content=\"Dur\u00e9e de lecture estim\u00e9e\" \/>\n\t<meta name=\"twitter:data2\" content=\"2 minutes\" \/>\n<script type=\"application\/ld+json\" class=\"yoast-schema-graph\">{\"@context\":\"https:\/\/schema.org\",\"@graph\":[{\"@type\":\"Article\",\"@id\":\"https:\/\/association-carmen.fr\/la-caravane-des-medias\/joachim\/#article\",\"isPartOf\":{\"@id\":\"https:\/\/association-carmen.fr\/la-caravane-des-medias\/joachim\/\"},\"author\":{\"name\":\"LA CARAVANE DES M\u00c9DIAS\",\"@id\":\"https:\/\/association-carmen.fr\/la-caravane-des-medias\/#\/schema\/person\/bb08254e2d1a9ac9c13c739c13add68e\"},\"headline\":\"Joachim\",\"datePublished\":\"2020-07-20T18:56:06+00:00\",\"dateModified\":\"2020-07-21T14:10:06+00:00\",\"mainEntityOfPage\":{\"@id\":\"https:\/\/association-carmen.fr\/la-caravane-des-medias\/joachim\/\"},\"wordCount\":370,\"commentCount\":0,\"publisher\":{\"@id\":\"https:\/\/association-carmen.fr\/la-caravane-des-medias\/#organization\"},\"image\":{\"@id\":\"https:\/\/association-carmen.fr\/la-caravane-des-medias\/joachim\/#primaryimage\"},\"thumbnailUrl\":\"https:\/\/association-carmen.fr\/la-caravane-des-medias\/wp-content\/uploads\/2020\/07\/20200720_CARAVANE_MEDIA__DSF2736.jpg\",\"articleSection\":[\"Vexin-Thelle (60)\"],\"inLanguage\":\"fr-FR\",\"potentialAction\":[{\"@type\":\"CommentAction\",\"name\":\"Comment\",\"target\":[\"https:\/\/association-carmen.fr\/la-caravane-des-medias\/joachim\/#respond\"]}]},{\"@type\":\"WebPage\",\"@id\":\"https:\/\/association-carmen.fr\/la-caravane-des-medias\/joachim\/\",\"url\":\"https:\/\/association-carmen.fr\/la-caravane-des-medias\/joachim\/\",\"name\":\"Joachim - La caravane des m\u00e9dias\",\"isPartOf\":{\"@id\":\"https:\/\/association-carmen.fr\/la-caravane-des-medias\/#website\"},\"primaryImageOfPage\":{\"@id\":\"https:\/\/association-carmen.fr\/la-caravane-des-medias\/joachim\/#primaryimage\"},\"image\":{\"@id\":\"https:\/\/association-carmen.fr\/la-caravane-des-medias\/joachim\/#primaryimage\"},\"thumbnailUrl\":\"https:\/\/association-carmen.fr\/la-caravane-des-medias\/wp-content\/uploads\/2020\/07\/20200720_CARAVANE_MEDIA__DSF2736.jpg\",\"datePublished\":\"2020-07-20T18:56:06+00:00\",\"dateModified\":\"2020-07-21T14:10:06+00:00\",\"breadcrumb\":{\"@id\":\"https:\/\/association-carmen.fr\/la-caravane-des-medias\/joachim\/#breadcrumb\"},\"inLanguage\":\"fr-FR\",\"potentialAction\":[{\"@type\":\"ReadAction\",\"target\":[\"https:\/\/association-carmen.fr\/la-caravane-des-medias\/joachim\/\"]}]},{\"@type\":\"ImageObject\",\"inLanguage\":\"fr-FR\",\"@id\":\"https:\/\/association-carmen.fr\/la-caravane-des-medias\/joachim\/#primaryimage\",\"url\":\"https:\/\/association-carmen.fr\/la-caravane-des-medias\/wp-content\/uploads\/2020\/07\/20200720_CARAVANE_MEDIA__DSF2736.jpg\",\"contentUrl\":\"https:\/\/association-carmen.fr\/la-caravane-des-medias\/wp-content\/uploads\/2020\/07\/20200720_CARAVANE_MEDIA__DSF2736.jpg\",\"width\":1024,\"height\":682,\"caption\":\"Joachim \u00a9 Simon Lambert\"},{\"@type\":\"BreadcrumbList\",\"@id\":\"https:\/\/association-carmen.fr\/la-caravane-des-medias\/joachim\/#breadcrumb\",\"itemListElement\":[{\"@type\":\"ListItem\",\"position\":1,\"name\":\"Accueil\",\"item\":\"https:\/\/association-carmen.fr\/la-caravane-des-medias\/\"},{\"@type\":\"ListItem\",\"position\":2,\"name\":\"Joachim\"}]},{\"@type\":\"WebSite\",\"@id\":\"https:\/\/association-carmen.fr\/la-caravane-des-medias\/#website\",\"url\":\"https:\/\/association-carmen.fr\/la-caravane-des-medias\/\",\"name\":\"La caravane des m\u00e9dias\",\"description\":\"\",\"publisher\":{\"@id\":\"https:\/\/association-carmen.fr\/la-caravane-des-medias\/#organization\"},\"potentialAction\":[{\"@type\":\"SearchAction\",\"target\":{\"@type\":\"EntryPoint\",\"urlTemplate\":\"https:\/\/association-carmen.fr\/la-caravane-des-medias\/?s={search_term_string}\"},\"query-input\":{\"@type\":\"PropertyValueSpecification\",\"valueRequired\":true,\"valueName\":\"search_term_string\"}}],\"inLanguage\":\"fr-FR\"},{\"@type\":\"Organization\",\"@id\":\"https:\/\/association-carmen.fr\/la-caravane-des-medias\/#organization\",\"name\":\"La Caravane des M\u00e9dias - Association CARMEN\",\"url\":\"https:\/\/association-carmen.fr\/la-caravane-des-medias\/\",\"logo\":{\"@type\":\"ImageObject\",\"inLanguage\":\"fr-FR\",\"@id\":\"https:\/\/association-carmen.fr\/la-caravane-des-medias\/#\/schema\/logo\/image\/\",\"url\":\"https:\/\/association-carmen.fr\/la-caravane-des-medias\/wp-content\/uploads\/2020\/07\/la-caravane-IMG-FOND.png\",\"contentUrl\":\"https:\/\/association-carmen.fr\/la-caravane-des-medias\/wp-content\/uploads\/2020\/07\/la-caravane-IMG-FOND.png\",\"width\":1920,\"height\":1080,\"caption\":\"La Caravane des M\u00e9dias - Association CARMEN\"},\"image\":{\"@id\":\"https:\/\/association-carmen.fr\/la-caravane-des-medias\/#\/schema\/logo\/image\/\"}},{\"@type\":\"Person\",\"@id\":\"https:\/\/association-carmen.fr\/la-caravane-des-medias\/#\/schema\/person\/bb08254e2d1a9ac9c13c739c13add68e\",\"name\":\"LA CARAVANE DES M\u00c9DIAS\",\"image\":{\"@type\":\"ImageObject\",\"inLanguage\":\"fr-FR\",\"@id\":\"https:\/\/association-carmen.fr\/la-caravane-des-medias\/#\/schema\/person\/image\/\",\"url\":\"https:\/\/secure.gravatar.com\/avatar\/970d3af93b5370d1d9115237a868874a28296529020e9fff2826691825659a9a?s=96&d=blank&r=g\",\"contentUrl\":\"https:\/\/secure.gravatar.com\/avatar\/970d3af93b5370d1d9115237a868874a28296529020e9fff2826691825659a9a?s=96&d=blank&r=g\",\"caption\":\"LA CARAVANE DES M\u00c9DIAS\"},\"url\":\"https:\/\/association-carmen.fr\/la-caravane-des-medias\/author\/caravmed\/\"}]}<\/script>\n<!-- \/ Yoast SEO plugin. -->","yoast_head_json":{"title":"Joachim - La caravane des m\u00e9dias","robots":{"index":"index","follow":"follow","max-snippet":"max-snippet:-1","max-image-preview":"max-image-preview:large","max-video-preview":"max-video-preview:-1"},"canonical":"https:\/\/association-carmen.fr\/la-caravane-des-medias\/joachim\/","og_locale":"fr_FR","og_type":"article","og_title":"Joachim - La caravane des m\u00e9dias","og_description":"Lundi 20 juillet 2020, premier jour de notre p\u00e9riple dans le Vexin-Thelle \u00e0 \u00c9nencourt-le-Sec, commune de La Corne-en-Vexin. Apr\u00e8s avoir man\u0153uvr\u00e9 et install\u00e9 la caravane devant la mairie, nous sommes partis \u00e0 la rencontre des habitants. Ces premiers pas en porte-\u00e0-porte n&rsquo;ont pas toujours \u00e9t\u00e9 \u00e0 la hauteur de nos esp\u00e9rances. Beaucoup de nos coups [&hellip;]","og_url":"https:\/\/association-carmen.fr\/la-caravane-des-medias\/joachim\/","og_site_name":"La caravane des m\u00e9dias","article_published_time":"2020-07-20T18:56:06+00:00","article_modified_time":"2020-07-21T14:10:06+00:00","og_image":[{"width":1024,"height":682,"url":"https:\/\/association-carmen.fr\/la-caravane-des-medias\/wp-content\/uploads\/2020\/07\/20200720_CARAVANE_MEDIA__DSF2736.jpg","type":"image\/jpeg"}],"author":"LA CARAVANE DES M\u00c9DIAS","twitter_card":"summary_large_image","twitter_misc":{"\u00c9crit par":"LA CARAVANE DES M\u00c9DIAS","Dur\u00e9e de lecture estim\u00e9e":"2 minutes"},"schema":{"@context":"https:\/\/schema.org","@graph":[{"@type":"Article","@id":"https:\/\/association-carmen.fr\/la-caravane-des-medias\/joachim\/#article","isPartOf":{"@id":"https:\/\/association-carmen.fr\/la-caravane-des-medias\/joachim\/"},"author":{"name":"LA CARAVANE DES M\u00c9DIAS","@id":"https:\/\/association-carmen.fr\/la-caravane-des-medias\/#\/schema\/person\/bb08254e2d1a9ac9c13c739c13add68e"},"headline":"Joachim","datePublished":"2020-07-20T18:56:06+00:00","dateModified":"2020-07-21T14:10:06+00:00","mainEntityOfPage":{"@id":"https:\/\/association-carmen.fr\/la-caravane-des-medias\/joachim\/"},"wordCount":370,"commentCount":0,"publisher":{"@id":"https:\/\/association-carmen.fr\/la-caravane-des-medias\/#organization"},"image":{"@id":"https:\/\/association-carmen.fr\/la-caravane-des-medias\/joachim\/#primaryimage"},"thumbnailUrl":"https:\/\/association-carmen.fr\/la-caravane-des-medias\/wp-content\/uploads\/2020\/07\/20200720_CARAVANE_MEDIA__DSF2736.jpg","articleSection":["Vexin-Thelle (60)"],"inLanguage":"fr-FR","potentialAction":[{"@type":"CommentAction","name":"Comment","target":["https:\/\/association-carmen.fr\/la-caravane-des-medias\/joachim\/#respond"]}]},{"@type":"WebPage","@id":"https:\/\/association-carmen.fr\/la-caravane-des-medias\/joachim\/","url":"https:\/\/association-carmen.fr\/la-caravane-des-medias\/joachim\/","name":"Joachim - La caravane des m\u00e9dias","isPartOf":{"@id":"https:\/\/association-carmen.fr\/la-caravane-des-medias\/#website"},"primaryImageOfPage":{"@id":"https:\/\/association-carmen.fr\/la-caravane-des-medias\/joachim\/#primaryimage"},"image":{"@id":"https:\/\/association-carmen.fr\/la-caravane-des-medias\/joachim\/#primaryimage"},"thumbnailUrl":"https:\/\/association-carmen.fr\/la-caravane-des-medias\/wp-content\/uploads\/2020\/07\/20200720_CARAVANE_MEDIA__DSF2736.jpg","datePublished":"2020-07-20T18:56:06+00:00","dateModified":"2020-07-21T14:10:06+00:00","breadcrumb":{"@id":"https:\/\/association-carmen.fr\/la-caravane-des-medias\/joachim\/#breadcrumb"},"inLanguage":"fr-FR","potentialAction":[{"@type":"ReadAction","target":["https:\/\/association-carmen.fr\/la-caravane-des-medias\/joachim\/"]}]},{"@type":"ImageObject","inLanguage":"fr-FR","@id":"https:\/\/association-carmen.fr\/la-caravane-des-medias\/joachim\/#primaryimage","url":"https:\/\/association-carmen.fr\/la-caravane-des-medias\/wp-content\/uploads\/2020\/07\/20200720_CARAVANE_MEDIA__DSF2736.jpg","contentUrl":"https:\/\/association-carmen.fr\/la-caravane-des-medias\/wp-content\/uploads\/2020\/07\/20200720_CARAVANE_MEDIA__DSF2736.jpg","width":1024,"height":682,"caption":"Joachim \u00a9 Simon Lambert"},{"@type":"BreadcrumbList","@id":"https:\/\/association-carmen.fr\/la-caravane-des-medias\/joachim\/#breadcrumb","itemListElement":[{"@type":"ListItem","position":1,"name":"Accueil","item":"https:\/\/association-carmen.fr\/la-caravane-des-medias\/"},{"@type":"ListItem","position":2,"name":"Joachim"}]},{"@type":"WebSite","@id":"https:\/\/association-carmen.fr\/la-caravane-des-medias\/#website","url":"https:\/\/association-carmen.fr\/la-caravane-des-medias\/","name":"La caravane des m\u00e9dias","description":"","publisher":{"@id":"https:\/\/association-carmen.fr\/la-caravane-des-medias\/#organization"},"potentialAction":[{"@type":"SearchAction","target":{"@type":"EntryPoint","urlTemplate":"https:\/\/association-carmen.fr\/la-caravane-des-medias\/?s={search_term_string}"},"query-input":{"@type":"PropertyValueSpecification","valueRequired":true,"valueName":"search_term_string"}}],"inLanguage":"fr-FR"},{"@type":"Organization","@id":"https:\/\/association-carmen.fr\/la-caravane-des-medias\/#organization","name":"La Caravane des M\u00e9dias - Association CARMEN","url":"https:\/\/association-carmen.fr\/la-caravane-des-medias\/","logo":{"@type":"ImageObject","inLanguage":"fr-FR","@id":"https:\/\/association-carmen.fr\/la-caravane-des-medias\/#\/schema\/logo\/image\/","url":"https:\/\/association-carmen.fr\/la-caravane-des-medias\/wp-content\/uploads\/2020\/07\/la-caravane-IMG-FOND.png","contentUrl":"https:\/\/association-carmen.fr\/la-caravane-des-medias\/wp-content\/uploads\/2020\/07\/la-caravane-IMG-FOND.png","width":1920,"height":1080,"caption":"La Caravane des M\u00e9dias - Association CARMEN"},"image":{"@id":"https:\/\/association-carmen.fr\/la-caravane-des-medias\/#\/schema\/logo\/image\/"}},{"@type":"Person","@id":"https:\/\/association-carmen.fr\/la-caravane-des-medias\/#\/schema\/person\/bb08254e2d1a9ac9c13c739c13add68e","name":"LA CARAVANE DES M\u00c9DIAS","image":{"@type":"ImageObject","inLanguage":"fr-FR","@id":"https:\/\/association-carmen.fr\/la-caravane-des-medias\/#\/schema\/person\/image\/","url":"https:\/\/secure.gravatar.com\/avatar\/970d3af93b5370d1d9115237a868874a28296529020e9fff2826691825659a9a?s=96&d=blank&r=g","contentUrl":"https:\/\/secure.gravatar.com\/avatar\/970d3af93b5370d1d9115237a868874a28296529020e9fff2826691825659a9a?s=96&d=blank&r=g","caption":"LA CARAVANE DES M\u00c9DIAS"},"url":"https:\/\/association-carmen.fr\/la-caravane-des-medias\/author\/caravmed\/"}]}},"jetpack_featured_media_url":"https:\/\/association-carmen.fr\/la-caravane-des-medias\/wp-content\/uploads\/2020\/07\/20200720_CARAVANE_MEDIA__DSF2736.jpg","jetpack_sharing_enabled":true,"_links":{"self":[{"href":"https:\/\/association-carmen.fr\/la-caravane-des-medias\/wp-json\/wp\/v2\/posts\/163","targetHints":{"allow":["GET"]}}],"collection":[{"href":"https:\/\/association-carmen.fr\/la-caravane-des-medias\/wp-json\/wp\/v2\/posts"}],"about":[{"href":"https:\/\/association-carmen.fr\/la-caravane-des-medias\/wp-json\/wp\/v2\/types\/post"}],"author":[{"embeddable":true,"href":"https:\/\/association-carmen.fr\/la-caravane-des-medias\/wp-json\/wp\/v2\/users\/1"}],"replies":[{"embeddable":true,"href":"https:\/\/association-carmen.fr\/la-caravane-des-medias\/wp-json\/wp\/v2\/comments?post=163"}],"version-history":[{"count":10,"href":"https:\/\/association-carmen.fr\/la-caravane-des-medias\/wp-json\/wp\/v2\/posts\/163\/revisions"}],"predecessor-version":[{"id":205,"href":"https:\/\/association-carmen.fr\/la-caravane-des-medias\/wp-json\/wp\/v2\/posts\/163\/revisions\/205"}],"wp:featuredmedia":[{"embeddable":true,"href":"https:\/\/association-carmen.fr\/la-caravane-des-medias\/wp-json\/wp\/v2\/media\/165"}],"wp:attachment":[{"href":"https:\/\/association-carmen.fr\/la-caravane-des-medias\/wp-json\/wp\/v2\/media?parent=163"}],"wp:term":[{"taxonomy":"category","embeddable":true,"href":"https:\/\/association-carmen.fr\/la-caravane-des-medias\/wp-json\/wp\/v2\/categories?post=163"},{"taxonomy":"post_tag","embeddable":true,"href":"https:\/\/association-carmen.fr\/la-caravane-des-medias\/wp-json\/wp\/v2\/tags?post=163"}],"curies":[{"name":"wp","href":"https:\/\/api.w.org\/{rel}","templated":true}]}}