{"id":1564,"date":"2022-12-20T14:00:08","date_gmt":"2022-12-20T13:00:08","guid":{"rendered":"http:\/\/association-carmen.fr\/la-caravane-des-medias\/?p=1564"},"modified":"2025-05-06T14:18:14","modified_gmt":"2025-05-06T12:18:14","slug":"scarpe-sensee-radio-bonheur","status":"publish","type":"post","link":"https:\/\/association-carmen.fr\/la-caravane-des-medias\/scarpe-sensee-radio-bonheur\/","title":{"rendered":"Scarpe Sens\u00e9e, radio bonheur"},"content":{"rendered":"\n<p>Au fond d&rsquo;un banal lotissement, cach\u00e9 entre des pavillons du square Coluche de Vitry-en-Artois, on aper\u00e7oit une antenne. Trop proche des habitations pour \u00eatre la tant redout\u00e9e 5G, trop courte pour \u00eatre un projet secret pour guetter les extraterrestres, elle est quand m\u00eame l&rsquo;arme secr\u00e8te d&rsquo;une joyeuse bande de zigotos qu&rsquo;on retrouve dans le gros cabanon \u00e0 ses pieds : c&rsquo;est l&rsquo;\u00e9metteur FM de Radio Scarpe Sens\u00e9e. Herv\u00e9, l&rsquo;un des deux salari\u00e9s que compte la radio quadra,  nous raconte l&rsquo;aventure alors qu&rsquo;on grignote des chocolats avec les animateurs b\u00e9n\u00e9voles.<\/p>\n\n\n\n<p><strong>De la variet&rsquo; comme nulle part ailleurs<\/strong><\/p>\n\n\n\n<p>Scarpe Sens\u00e9e, du nom des deux cours d&rsquo;eau qui irriguent le grand Douaisis, c&rsquo;est toute une histoire. \u00c0 l&rsquo;origine, du temps o\u00f9 \u00e9mettre sur la FM c&rsquo;\u00e9tait le risque d&rsquo;\u00e9couter les conversations de la grande muette et de voir descendre la bleusaille chez soi, ce sont deux copains cibistes amateurs captiv\u00e9s par les ondes qui s&rsquo;amusent, depuis l&rsquo;abri de jardin de l&rsquo;un, \u00e0 balancer de la musique qu&rsquo;on n\u2019entend pas sur les grands m\u00e9dias. Depuis Noyelles-sous-Bellonne, \u00e0 4 kilom\u00e8tres de l&rsquo;antenne \u00e0 vol d&rsquo;oiseau, deux heures par jour, ils envoient de la \u00ab <em>variet&rsquo;<\/em> \u00bb. \u00ab <em>De la musique qui fait du bien uniquement ! C&rsquo;\u00e9tait la radio des Michel<\/em>, s&rsquo;amuse Herv\u00e9. <em>Sardou, Polnareff, Berger, etc. <\/em>\u00bb Le bonheur est \u00e0 port\u00e9e de t\u00e9l\u00e9phone : un coup de fil et on passe ton titre.&nbsp;<\/p>\n\n\n\n<figure class=\"wp-block-image size-large\"><img loading=\"lazy\" decoding=\"async\" width=\"1024\" height=\"768\" src=\"http:\/\/association-carmen.fr\/la-caravane-des-medias\/wp-content\/uploads\/2022\/12\/UNADJUSTEDNONRAW_thumb_d.jpg\" alt=\"\" class=\"wp-image-1540\" srcset=\"https:\/\/association-carmen.fr\/la-caravane-des-medias\/wp-content\/uploads\/2022\/12\/UNADJUSTEDNONRAW_thumb_d.jpg 1024w, https:\/\/association-carmen.fr\/la-caravane-des-medias\/wp-content\/uploads\/2022\/12\/UNADJUSTEDNONRAW_thumb_d-300x225.jpg 300w, https:\/\/association-carmen.fr\/la-caravane-des-medias\/wp-content\/uploads\/2022\/12\/UNADJUSTEDNONRAW_thumb_d-768x576.jpg 768w\" sizes=\"auto, (max-width: 1024px) 100vw, 1024px\" \/><figcaption>Le poste de r\u00e9gie de  Radio Scarpe Sens\u00e9e. \u00a9 Cl\u00e9mence Leleu<\/figcaption><\/figure>\n\n\n\n<p>La radio conna\u00eet son petit succ\u00e8s et s&rsquo;installe dans le garage de la mairesse de Vitry-en-Artois de l&rsquo;\u00e9poque. Alors que Mitterrand l\u00e9galise les radios libres, la \u00ab\u00a0radio des Michel\u00a0\u00bb s&rsquo;\u00e9tablit en tant que radio associative et Radio Loisirs na\u00eet officiellement en 1982. \u00ab <em>Le choix est vite fait, on n&rsquo;allait pas faire une radio syndicale ou municipale. Ici, les gens venaient juste pour se faire plaisir<\/em>, se rem\u00e9more Herv\u00e9,<em> Radio Loisirs, c&rsquo;\u00e9tait la radio qui cr\u00e9e du lien, celle qui \u00e9tait pr\u00e8s des gens lors des ducasses, du t\u00e9l\u00e9thon et des lotos. <\/em>\u00bb<\/p>\n\n\n\n<p><strong><strong>M\u00e9riter son ind\u00e9pendance et sa libert\u00e9<\/strong><\/strong><\/p>\n\n\n\n<p>Apr\u00e8s quelques ann\u00e9es d&rsquo;existence, l&rsquo;\u00e9nergie b\u00e9n\u00e9vole commence \u00e0 s&rsquo;essouffler. Alors que les radios commerciales s&rsquo;\u00e9tablissent et arrosent le bassin minier de pubs pour les supermarch\u00e9s, il faut ruser pour faire vivre une radio de passionn\u00e9s. \u00ab <em>La radio est vieillissante mais un noyau dur reste. C&rsquo;est une p\u00e9riode compliqu\u00e9e. Quand Chirac arrive, le fonds de soutien \u00e0 l&rsquo;expression radiophonique est remis en cause\u2026 \u00bb <\/em>Celles et ceux qui sont l\u00e0 se retroussent les manches et font des th\u00e9s dansants ou des lotos pour payer l&rsquo;\u00e9lectricit\u00e9. Il faut sortir du garage de Vitry. \u00c7a tombe bien, la mairie ne sait quoi faire d&rsquo;un ancien local de la r\u00e9gie d&rsquo;eau municipale. Un franc symbolique plus tard &#8211; et des tonnes d&rsquo;huile de coude des adh\u00e9rents pour monter et d\u00e9monter le cabanon sur le terrain de l&rsquo;association &#8211; voil\u00e0 la radio install\u00e9e Square Coluche. \u00ab <em>Gr\u00e2ce \u00e0 \u00e7a, on&nbsp; est libre aujourd&rsquo;hui. Notre libert\u00e9, elle a un co\u00fbt. On paye au chauffage, on paye l&rsquo;\u00e9lectricit\u00e9 on paye des imp\u00f4ts fonciers, mais si demain c&rsquo;est une municipalit\u00e9 facho qui arrive ici, ils ne pourront pas nous foutre dehors. <\/em>\u00bb<\/p>\n\n\n\n<figure class=\"wp-block-image size-large\"><img loading=\"lazy\" decoding=\"async\" width=\"1024\" height=\"768\" src=\"http:\/\/association-carmen.fr\/la-caravane-des-medias\/wp-content\/uploads\/2022\/12\/UNADJUSTEDNONRAW_thumb_1.jpg\" alt=\"\" class=\"wp-image-1539\" srcset=\"https:\/\/association-carmen.fr\/la-caravane-des-medias\/wp-content\/uploads\/2022\/12\/UNADJUSTEDNONRAW_thumb_1.jpg 1024w, https:\/\/association-carmen.fr\/la-caravane-des-medias\/wp-content\/uploads\/2022\/12\/UNADJUSTEDNONRAW_thumb_1-300x225.jpg 300w, https:\/\/association-carmen.fr\/la-caravane-des-medias\/wp-content\/uploads\/2022\/12\/UNADJUSTEDNONRAW_thumb_1-768x576.jpg 768w\" sizes=\"auto, (max-width: 1024px) 100vw, 1024px\" \/><figcaption>La radio poss\u00e8de une tr\u00e8s importante collection de CDs musicaux. \u00a9 Cl\u00e9mence Leleu<\/figcaption><\/figure>\n\n\n\n<p>Herv\u00e9 arrive en 1995, \u00ab <em>en m\u00eame temps que l&rsquo;Internet<\/em> \u00bb, comme premier salari\u00e9. Il a une condition : faire de Radio Loisirs une \u00ab\u00a0vraie radio\u00a0\u00bb. Fini les Michel. \u00ab <em>Si on continuait comme \u00e7a, \u00e7a allait pas devenir pas la Voix du Nord, mais la Voix du Mort. \u00bb <\/em>On investit dans du mat\u00e9riel de reportage, des Nagras. Les premiers ordinateurs arrivent, on fait du montage sur <em>Revox<\/em>. \u00ab <em>Certains qui \u00e9taient l\u00e0 pour pousser une cassette s&rsquo;en vont, mais assez vite, des personnes issus du monde de l&rsquo;\u00e9ducation, de l&rsquo;associatif arrivent avec des id\u00e9es. <\/em>\u00bb La radio devient Scarpe Sens\u00e9e, la radio du Grand Douaisis. Adieu les bals, c&rsquo;est la radio qui fera dor\u00e9navant vivre la radio.&nbsp;<\/p>\n\n\n\n<p><strong>Des artisans du sons<\/strong><\/p>\n\n\n\n<p>\u00ab <em>Aujourd&rsquo;hui, on est un outil culturel, social et \u00e9ducatif \u00e0 finalit\u00e9 radiophonique \u00bb, <\/em>explique Herv\u00e9, \u00ab <em>Quand tu prends un groupe de gosses en IME <\/em>[Instituts M\u00e9dico-\u00c9ducatifs, des \u00e9tablissements qui accueillent les enfants et adolescents atteints de handicap mental, ndlr]<em> qui vient de faire une \u00e9mission toutes les semaines , tu ne fais pas qu&rsquo;une \u00e9mission de radio<\/em> \u00bb. Les 32 b\u00e9n\u00e9voles remplissent les grilles du 94.1 FM. J\u00e9r\u00f4me a rejoint Herv\u00e9 comme salari\u00e9 en 2000. Lui, c&rsquo;est un artisan du son. Ils aiment donner \u00e0 entendre le territoire, de la grenouille dans la mare aux manifestations des salari\u00e9s du coin. Les deux sont avant tout l\u00e0 pour donner les cl\u00e9s de la cr\u00e9ation radiophonique aux b\u00e9n\u00e9voles qui arrivent. \u00ab <em>Les auditeurs nous disent souvent qu&rsquo;ils n&rsquo;imaginaient pas que ce sont des gens dont ce n&rsquo;est pas le m\u00e9tier qui font tous ces programmes. <\/em>\u00bb<\/p>\n\n\n\n<p>La radio a d\u00e9pass\u00e9 les 40 ann\u00e9es d&rsquo;\u00e9mission sur les ondes de la FM. Gr\u00e2ce \u00e0 sa qu\u00eate du bonheur plut\u00f4t qu&rsquo;\u00e0 l&rsquo;auditeur, elle continue d&rsquo;\u00eatre un refuge et un lieu d&rsquo;\u00e9panouissement pour les curieu\u2022x\u2022ses qui ont vu l&rsquo;antenne et pouss\u00e9 la porte. Herv\u00e9 est heureux de ce qu&rsquo;est devenu sa radio. \u00ab <em>Pour que \u00e7a fonctionne, il faut que les gens prennent du plaisir. Ici, il y a tant de gens qui se sont \u00e9panouis gr\u00e2ce \u00e0 la radio<\/em>. <em>Combien regardaient leurs pompes en arrivant. Certains ont retrouv\u00e9 une vie sociale, d&rsquo;autres un job, mais tous ont aujourd&rsquo;hui trouv\u00e9 une famille. \u00bb&nbsp;<\/em><\/p>\n\n\n\n<p class=\"has-text-align-right\"><em>Sophie Bourlet, Cl\u00e9mence Leleu et Timoth\u00e9e Vinchon<\/em><\/p>\n","protected":false},"excerpt":{"rendered":"<p>Depuis plus de 40 ans, une radio associative du Douaisis s&rsquo;est donn\u00e9 la mission de mettre de bonne humeur ses auditeurs et de faire vivre les passions de ses adh\u00e9rents.<\/p>\n","protected":false},"author":1,"featured_media":1533,"comment_status":"open","ping_status":"open","sticky":false,"template":"templates\/template-cover.php","format":"standard","meta":{"_jetpack_memberships_contains_paid_content":false,"footnotes":""},"categories":[19,26],"tags":[],"class_list":["post-1564","post","type-post","status-publish","format-standard","has-post-thumbnail","hentry","category-bassin-minier-62","category-medias-locaux"],"yoast_head":"<!-- This site is optimized with the Yoast SEO plugin v25.6 - https:\/\/yoast.com\/wordpress\/plugins\/seo\/ -->\n<title>Scarpe Sens\u00e9e, radio bonheur - La caravane des m\u00e9dias<\/title>\n<meta name=\"description\" content=\"Depuis plus de 40 ans, une radio associative du Douaisis s&#039;est donn\u00e9 la mission de mettre de bonne humeur ses auditeurs et de faire vivre les passions de ses adh\u00e9rents.\" \/>\n<meta name=\"robots\" content=\"index, follow, max-snippet:-1, max-image-preview:large, max-video-preview:-1\" \/>\n<link rel=\"canonical\" href=\"https:\/\/association-carmen.fr\/la-caravane-des-medias\/scarpe-sensee-radio-bonheur\/\" \/>\n<meta property=\"og:locale\" content=\"fr_FR\" \/>\n<meta property=\"og:type\" content=\"article\" \/>\n<meta property=\"og:title\" content=\"Scarpe Sens\u00e9e, radio bonheur - La caravane des m\u00e9dias\" \/>\n<meta property=\"og:description\" content=\"Depuis plus de 40 ans, une radio associative du Douaisis s&#039;est donn\u00e9 la mission de mettre de bonne humeur ses auditeurs et de faire vivre les passions de ses adh\u00e9rents.\" \/>\n<meta property=\"og:url\" content=\"https:\/\/association-carmen.fr\/la-caravane-des-medias\/scarpe-sensee-radio-bonheur\/\" \/>\n<meta property=\"og:site_name\" content=\"La caravane des m\u00e9dias\" \/>\n<meta property=\"article:published_time\" content=\"2022-12-20T13:00:08+00:00\" \/>\n<meta property=\"article:modified_time\" content=\"2025-05-06T12:18:14+00:00\" \/>\n<meta property=\"og:image\" content=\"https:\/\/association-carmen.fr\/la-caravane-des-medias\/wp-content\/uploads\/2022\/12\/UNADJUSTEDNONRAW_thumb_a.jpg\" \/>\n\t<meta property=\"og:image:width\" content=\"1024\" \/>\n\t<meta property=\"og:image:height\" content=\"768\" \/>\n\t<meta property=\"og:image:type\" content=\"image\/jpeg\" \/>\n<meta name=\"author\" content=\"LA CARAVANE DES M\u00c9DIAS\" \/>\n<meta name=\"twitter:card\" content=\"summary_large_image\" \/>\n<meta name=\"twitter:label1\" content=\"\u00c9crit par\" \/>\n\t<meta name=\"twitter:data1\" content=\"LA CARAVANE DES M\u00c9DIAS\" \/>\n\t<meta name=\"twitter:label2\" content=\"Dur\u00e9e de lecture estim\u00e9e\" \/>\n\t<meta name=\"twitter:data2\" content=\"5 minutes\" \/>\n<script type=\"application\/ld+json\" class=\"yoast-schema-graph\">{\"@context\":\"https:\/\/schema.org\",\"@graph\":[{\"@type\":\"Article\",\"@id\":\"https:\/\/association-carmen.fr\/la-caravane-des-medias\/scarpe-sensee-radio-bonheur\/#article\",\"isPartOf\":{\"@id\":\"https:\/\/association-carmen.fr\/la-caravane-des-medias\/scarpe-sensee-radio-bonheur\/\"},\"author\":{\"name\":\"LA CARAVANE DES M\u00c9DIAS\",\"@id\":\"https:\/\/association-carmen.fr\/la-caravane-des-medias\/#\/schema\/person\/bb08254e2d1a9ac9c13c739c13add68e\"},\"headline\":\"Scarpe Sens\u00e9e, radio bonheur\",\"datePublished\":\"2022-12-20T13:00:08+00:00\",\"dateModified\":\"2025-05-06T12:18:14+00:00\",\"mainEntityOfPage\":{\"@id\":\"https:\/\/association-carmen.fr\/la-caravane-des-medias\/scarpe-sensee-radio-bonheur\/\"},\"wordCount\":1011,\"commentCount\":0,\"publisher\":{\"@id\":\"https:\/\/association-carmen.fr\/la-caravane-des-medias\/#organization\"},\"image\":{\"@id\":\"https:\/\/association-carmen.fr\/la-caravane-des-medias\/scarpe-sensee-radio-bonheur\/#primaryimage\"},\"thumbnailUrl\":\"https:\/\/association-carmen.fr\/la-caravane-des-medias\/wp-content\/uploads\/2022\/12\/UNADJUSTEDNONRAW_thumb_a.jpg\",\"articleSection\":[\"Bassin minier (62)\",\"m\u00e9dias locaux\"],\"inLanguage\":\"fr-FR\",\"potentialAction\":[{\"@type\":\"CommentAction\",\"name\":\"Comment\",\"target\":[\"https:\/\/association-carmen.fr\/la-caravane-des-medias\/scarpe-sensee-radio-bonheur\/#respond\"]}]},{\"@type\":\"WebPage\",\"@id\":\"https:\/\/association-carmen.fr\/la-caravane-des-medias\/scarpe-sensee-radio-bonheur\/\",\"url\":\"https:\/\/association-carmen.fr\/la-caravane-des-medias\/scarpe-sensee-radio-bonheur\/\",\"name\":\"Scarpe Sens\u00e9e, radio bonheur - La caravane des m\u00e9dias\",\"isPartOf\":{\"@id\":\"https:\/\/association-carmen.fr\/la-caravane-des-medias\/#website\"},\"primaryImageOfPage\":{\"@id\":\"https:\/\/association-carmen.fr\/la-caravane-des-medias\/scarpe-sensee-radio-bonheur\/#primaryimage\"},\"image\":{\"@id\":\"https:\/\/association-carmen.fr\/la-caravane-des-medias\/scarpe-sensee-radio-bonheur\/#primaryimage\"},\"thumbnailUrl\":\"https:\/\/association-carmen.fr\/la-caravane-des-medias\/wp-content\/uploads\/2022\/12\/UNADJUSTEDNONRAW_thumb_a.jpg\",\"datePublished\":\"2022-12-20T13:00:08+00:00\",\"dateModified\":\"2025-05-06T12:18:14+00:00\",\"description\":\"Depuis plus de 40 ans, une radio associative du Douaisis s'est donn\u00e9 la mission de mettre de bonne humeur ses auditeurs et de faire vivre les passions de ses adh\u00e9rents.\",\"breadcrumb\":{\"@id\":\"https:\/\/association-carmen.fr\/la-caravane-des-medias\/scarpe-sensee-radio-bonheur\/#breadcrumb\"},\"inLanguage\":\"fr-FR\",\"potentialAction\":[{\"@type\":\"ReadAction\",\"target\":[\"https:\/\/association-carmen.fr\/la-caravane-des-medias\/scarpe-sensee-radio-bonheur\/\"]}]},{\"@type\":\"ImageObject\",\"inLanguage\":\"fr-FR\",\"@id\":\"https:\/\/association-carmen.fr\/la-caravane-des-medias\/scarpe-sensee-radio-bonheur\/#primaryimage\",\"url\":\"https:\/\/association-carmen.fr\/la-caravane-des-medias\/wp-content\/uploads\/2022\/12\/UNADJUSTEDNONRAW_thumb_a.jpg\",\"contentUrl\":\"https:\/\/association-carmen.fr\/la-caravane-des-medias\/wp-content\/uploads\/2022\/12\/UNADJUSTEDNONRAW_thumb_a.jpg\",\"width\":1024,\"height\":768},{\"@type\":\"BreadcrumbList\",\"@id\":\"https:\/\/association-carmen.fr\/la-caravane-des-medias\/scarpe-sensee-radio-bonheur\/#breadcrumb\",\"itemListElement\":[{\"@type\":\"ListItem\",\"position\":1,\"name\":\"Accueil\",\"item\":\"https:\/\/association-carmen.fr\/la-caravane-des-medias\/\"},{\"@type\":\"ListItem\",\"position\":2,\"name\":\"Scarpe Sens\u00e9e, radio bonheur\"}]},{\"@type\":\"WebSite\",\"@id\":\"https:\/\/association-carmen.fr\/la-caravane-des-medias\/#website\",\"url\":\"https:\/\/association-carmen.fr\/la-caravane-des-medias\/\",\"name\":\"La caravane des m\u00e9dias\",\"description\":\"\",\"publisher\":{\"@id\":\"https:\/\/association-carmen.fr\/la-caravane-des-medias\/#organization\"},\"potentialAction\":[{\"@type\":\"SearchAction\",\"target\":{\"@type\":\"EntryPoint\",\"urlTemplate\":\"https:\/\/association-carmen.fr\/la-caravane-des-medias\/?s={search_term_string}\"},\"query-input\":{\"@type\":\"PropertyValueSpecification\",\"valueRequired\":true,\"valueName\":\"search_term_string\"}}],\"inLanguage\":\"fr-FR\"},{\"@type\":\"Organization\",\"@id\":\"https:\/\/association-carmen.fr\/la-caravane-des-medias\/#organization\",\"name\":\"La Caravane des M\u00e9dias - Association CARMEN\",\"url\":\"https:\/\/association-carmen.fr\/la-caravane-des-medias\/\",\"logo\":{\"@type\":\"ImageObject\",\"inLanguage\":\"fr-FR\",\"@id\":\"https:\/\/association-carmen.fr\/la-caravane-des-medias\/#\/schema\/logo\/image\/\",\"url\":\"https:\/\/association-carmen.fr\/la-caravane-des-medias\/wp-content\/uploads\/2020\/07\/la-caravane-IMG-FOND.png\",\"contentUrl\":\"https:\/\/association-carmen.fr\/la-caravane-des-medias\/wp-content\/uploads\/2020\/07\/la-caravane-IMG-FOND.png\",\"width\":1920,\"height\":1080,\"caption\":\"La Caravane des M\u00e9dias - Association CARMEN\"},\"image\":{\"@id\":\"https:\/\/association-carmen.fr\/la-caravane-des-medias\/#\/schema\/logo\/image\/\"}},{\"@type\":\"Person\",\"@id\":\"https:\/\/association-carmen.fr\/la-caravane-des-medias\/#\/schema\/person\/bb08254e2d1a9ac9c13c739c13add68e\",\"name\":\"LA CARAVANE DES M\u00c9DIAS\",\"image\":{\"@type\":\"ImageObject\",\"inLanguage\":\"fr-FR\",\"@id\":\"https:\/\/association-carmen.fr\/la-caravane-des-medias\/#\/schema\/person\/image\/\",\"url\":\"https:\/\/secure.gravatar.com\/avatar\/970d3af93b5370d1d9115237a868874a28296529020e9fff2826691825659a9a?s=96&d=blank&r=g\",\"contentUrl\":\"https:\/\/secure.gravatar.com\/avatar\/970d3af93b5370d1d9115237a868874a28296529020e9fff2826691825659a9a?s=96&d=blank&r=g\",\"caption\":\"LA CARAVANE DES M\u00c9DIAS\"},\"url\":\"https:\/\/association-carmen.fr\/la-caravane-des-medias\/author\/caravmed\/\"}]}<\/script>\n<!-- \/ Yoast SEO plugin. -->","yoast_head_json":{"title":"Scarpe Sens\u00e9e, radio bonheur - La caravane des m\u00e9dias","description":"Depuis plus de 40 ans, une radio associative du Douaisis s'est donn\u00e9 la mission de mettre de bonne humeur ses auditeurs et de faire vivre les passions de ses adh\u00e9rents.","robots":{"index":"index","follow":"follow","max-snippet":"max-snippet:-1","max-image-preview":"max-image-preview:large","max-video-preview":"max-video-preview:-1"},"canonical":"https:\/\/association-carmen.fr\/la-caravane-des-medias\/scarpe-sensee-radio-bonheur\/","og_locale":"fr_FR","og_type":"article","og_title":"Scarpe Sens\u00e9e, radio bonheur - La caravane des m\u00e9dias","og_description":"Depuis plus de 40 ans, une radio associative du Douaisis s'est donn\u00e9 la mission de mettre de bonne humeur ses auditeurs et de faire vivre les passions de ses adh\u00e9rents.","og_url":"https:\/\/association-carmen.fr\/la-caravane-des-medias\/scarpe-sensee-radio-bonheur\/","og_site_name":"La caravane des m\u00e9dias","article_published_time":"2022-12-20T13:00:08+00:00","article_modified_time":"2025-05-06T12:18:14+00:00","og_image":[{"width":1024,"height":768,"url":"https:\/\/association-carmen.fr\/la-caravane-des-medias\/wp-content\/uploads\/2022\/12\/UNADJUSTEDNONRAW_thumb_a.jpg","type":"image\/jpeg"}],"author":"LA CARAVANE DES M\u00c9DIAS","twitter_card":"summary_large_image","twitter_misc":{"\u00c9crit par":"LA CARAVANE DES M\u00c9DIAS","Dur\u00e9e de lecture estim\u00e9e":"5 minutes"},"schema":{"@context":"https:\/\/schema.org","@graph":[{"@type":"Article","@id":"https:\/\/association-carmen.fr\/la-caravane-des-medias\/scarpe-sensee-radio-bonheur\/#article","isPartOf":{"@id":"https:\/\/association-carmen.fr\/la-caravane-des-medias\/scarpe-sensee-radio-bonheur\/"},"author":{"name":"LA CARAVANE DES M\u00c9DIAS","@id":"https:\/\/association-carmen.fr\/la-caravane-des-medias\/#\/schema\/person\/bb08254e2d1a9ac9c13c739c13add68e"},"headline":"Scarpe Sens\u00e9e, radio bonheur","datePublished":"2022-12-20T13:00:08+00:00","dateModified":"2025-05-06T12:18:14+00:00","mainEntityOfPage":{"@id":"https:\/\/association-carmen.fr\/la-caravane-des-medias\/scarpe-sensee-radio-bonheur\/"},"wordCount":1011,"commentCount":0,"publisher":{"@id":"https:\/\/association-carmen.fr\/la-caravane-des-medias\/#organization"},"image":{"@id":"https:\/\/association-carmen.fr\/la-caravane-des-medias\/scarpe-sensee-radio-bonheur\/#primaryimage"},"thumbnailUrl":"https:\/\/association-carmen.fr\/la-caravane-des-medias\/wp-content\/uploads\/2022\/12\/UNADJUSTEDNONRAW_thumb_a.jpg","articleSection":["Bassin minier (62)","m\u00e9dias locaux"],"inLanguage":"fr-FR","potentialAction":[{"@type":"CommentAction","name":"Comment","target":["https:\/\/association-carmen.fr\/la-caravane-des-medias\/scarpe-sensee-radio-bonheur\/#respond"]}]},{"@type":"WebPage","@id":"https:\/\/association-carmen.fr\/la-caravane-des-medias\/scarpe-sensee-radio-bonheur\/","url":"https:\/\/association-carmen.fr\/la-caravane-des-medias\/scarpe-sensee-radio-bonheur\/","name":"Scarpe Sens\u00e9e, radio bonheur - La caravane des m\u00e9dias","isPartOf":{"@id":"https:\/\/association-carmen.fr\/la-caravane-des-medias\/#website"},"primaryImageOfPage":{"@id":"https:\/\/association-carmen.fr\/la-caravane-des-medias\/scarpe-sensee-radio-bonheur\/#primaryimage"},"image":{"@id":"https:\/\/association-carmen.fr\/la-caravane-des-medias\/scarpe-sensee-radio-bonheur\/#primaryimage"},"thumbnailUrl":"https:\/\/association-carmen.fr\/la-caravane-des-medias\/wp-content\/uploads\/2022\/12\/UNADJUSTEDNONRAW_thumb_a.jpg","datePublished":"2022-12-20T13:00:08+00:00","dateModified":"2025-05-06T12:18:14+00:00","description":"Depuis plus de 40 ans, une radio associative du Douaisis s'est donn\u00e9 la mission de mettre de bonne humeur ses auditeurs et de faire vivre les passions de ses adh\u00e9rents.","breadcrumb":{"@id":"https:\/\/association-carmen.fr\/la-caravane-des-medias\/scarpe-sensee-radio-bonheur\/#breadcrumb"},"inLanguage":"fr-FR","potentialAction":[{"@type":"ReadAction","target":["https:\/\/association-carmen.fr\/la-caravane-des-medias\/scarpe-sensee-radio-bonheur\/"]}]},{"@type":"ImageObject","inLanguage":"fr-FR","@id":"https:\/\/association-carmen.fr\/la-caravane-des-medias\/scarpe-sensee-radio-bonheur\/#primaryimage","url":"https:\/\/association-carmen.fr\/la-caravane-des-medias\/wp-content\/uploads\/2022\/12\/UNADJUSTEDNONRAW_thumb_a.jpg","contentUrl":"https:\/\/association-carmen.fr\/la-caravane-des-medias\/wp-content\/uploads\/2022\/12\/UNADJUSTEDNONRAW_thumb_a.jpg","width":1024,"height":768},{"@type":"BreadcrumbList","@id":"https:\/\/association-carmen.fr\/la-caravane-des-medias\/scarpe-sensee-radio-bonheur\/#breadcrumb","itemListElement":[{"@type":"ListItem","position":1,"name":"Accueil","item":"https:\/\/association-carmen.fr\/la-caravane-des-medias\/"},{"@type":"ListItem","position":2,"name":"Scarpe Sens\u00e9e, radio bonheur"}]},{"@type":"WebSite","@id":"https:\/\/association-carmen.fr\/la-caravane-des-medias\/#website","url":"https:\/\/association-carmen.fr\/la-caravane-des-medias\/","name":"La caravane des m\u00e9dias","description":"","publisher":{"@id":"https:\/\/association-carmen.fr\/la-caravane-des-medias\/#organization"},"potentialAction":[{"@type":"SearchAction","target":{"@type":"EntryPoint","urlTemplate":"https:\/\/association-carmen.fr\/la-caravane-des-medias\/?s={search_term_string}"},"query-input":{"@type":"PropertyValueSpecification","valueRequired":true,"valueName":"search_term_string"}}],"inLanguage":"fr-FR"},{"@type":"Organization","@id":"https:\/\/association-carmen.fr\/la-caravane-des-medias\/#organization","name":"La Caravane des M\u00e9dias - Association CARMEN","url":"https:\/\/association-carmen.fr\/la-caravane-des-medias\/","logo":{"@type":"ImageObject","inLanguage":"fr-FR","@id":"https:\/\/association-carmen.fr\/la-caravane-des-medias\/#\/schema\/logo\/image\/","url":"https:\/\/association-carmen.fr\/la-caravane-des-medias\/wp-content\/uploads\/2020\/07\/la-caravane-IMG-FOND.png","contentUrl":"https:\/\/association-carmen.fr\/la-caravane-des-medias\/wp-content\/uploads\/2020\/07\/la-caravane-IMG-FOND.png","width":1920,"height":1080,"caption":"La Caravane des M\u00e9dias - Association CARMEN"},"image":{"@id":"https:\/\/association-carmen.fr\/la-caravane-des-medias\/#\/schema\/logo\/image\/"}},{"@type":"Person","@id":"https:\/\/association-carmen.fr\/la-caravane-des-medias\/#\/schema\/person\/bb08254e2d1a9ac9c13c739c13add68e","name":"LA CARAVANE DES M\u00c9DIAS","image":{"@type":"ImageObject","inLanguage":"fr-FR","@id":"https:\/\/association-carmen.fr\/la-caravane-des-medias\/#\/schema\/person\/image\/","url":"https:\/\/secure.gravatar.com\/avatar\/970d3af93b5370d1d9115237a868874a28296529020e9fff2826691825659a9a?s=96&d=blank&r=g","contentUrl":"https:\/\/secure.gravatar.com\/avatar\/970d3af93b5370d1d9115237a868874a28296529020e9fff2826691825659a9a?s=96&d=blank&r=g","caption":"LA CARAVANE DES M\u00c9DIAS"},"url":"https:\/\/association-carmen.fr\/la-caravane-des-medias\/author\/caravmed\/"}]}},"jetpack_featured_media_url":"https:\/\/association-carmen.fr\/la-caravane-des-medias\/wp-content\/uploads\/2022\/12\/UNADJUSTEDNONRAW_thumb_a.jpg","jetpack_sharing_enabled":false,"_links":{"self":[{"href":"https:\/\/association-carmen.fr\/la-caravane-des-medias\/wp-json\/wp\/v2\/posts\/1564","targetHints":{"allow":["GET"]}}],"collection":[{"href":"https:\/\/association-carmen.fr\/la-caravane-des-medias\/wp-json\/wp\/v2\/posts"}],"about":[{"href":"https:\/\/association-carmen.fr\/la-caravane-des-medias\/wp-json\/wp\/v2\/types\/post"}],"author":[{"embeddable":true,"href":"https:\/\/association-carmen.fr\/la-caravane-des-medias\/wp-json\/wp\/v2\/users\/1"}],"replies":[{"embeddable":true,"href":"https:\/\/association-carmen.fr\/la-caravane-des-medias\/wp-json\/wp\/v2\/comments?post=1564"}],"version-history":[{"count":8,"href":"https:\/\/association-carmen.fr\/la-caravane-des-medias\/wp-json\/wp\/v2\/posts\/1564\/revisions"}],"predecessor-version":[{"id":1763,"href":"https:\/\/association-carmen.fr\/la-caravane-des-medias\/wp-json\/wp\/v2\/posts\/1564\/revisions\/1763"}],"wp:featuredmedia":[{"embeddable":true,"href":"https:\/\/association-carmen.fr\/la-caravane-des-medias\/wp-json\/wp\/v2\/media\/1533"}],"wp:attachment":[{"href":"https:\/\/association-carmen.fr\/la-caravane-des-medias\/wp-json\/wp\/v2\/media?parent=1564"}],"wp:term":[{"taxonomy":"category","embeddable":true,"href":"https:\/\/association-carmen.fr\/la-caravane-des-medias\/wp-json\/wp\/v2\/categories?post=1564"},{"taxonomy":"post_tag","embeddable":true,"href":"https:\/\/association-carmen.fr\/la-caravane-des-medias\/wp-json\/wp\/v2\/tags?post=1564"}],"curies":[{"name":"wp","href":"https:\/\/api.w.org\/{rel}","templated":true}]}}